{"id":955,"date":"2024-04-05T14:12:14","date_gmt":"2024-04-05T14:12:14","guid":{"rendered":"https:\/\/contracensura.com\/?p=955"},"modified":"2024-04-08T12:55:39","modified_gmt":"2024-04-08T12:55:39","slug":"censura-al-desnudo-del-festival-transforma","status":"publish","type":"post","link":"https:\/\/contracensura.com\/?p=955","title":{"rendered":"CENSURA AL DESNUDO (DEL FESTIVAL TRANSFORMA). Domingo Mestre"},"content":{"rendered":"\n<p><\/p>\n\n\n\n<p>Cuando a\u00fan no se han calmado las aguas del tsunami medi\u00e1tico acontecido tras la publicaci\u00f3n en las redes y televisiones brasile\u00f1as de un v\u00eddeo amateur an\u00f3nimo que mostraba a unos estudiantes de la FURG haciendo una performance al desnudo, para recibir a los nuevos alumnos del Instituto de Letras y Artes (ver mi art\u00edculo El precio del arte, el valor del cuerpo desnudo), leo ahora en la prensa brasile\u00f1a la denuncia de un nuevo caso de censura.<\/p>\n\n\n\n<figure class=\"wp-block-image size-large\"><a href=\"https:\/\/contracensura.com\/?p=863\"><img loading=\"lazy\" decoding=\"async\" width=\"1024\" height=\"652\" src=\"https:\/\/contracensura.com\/wp-content\/uploads\/2024\/04\/Captura-de-pantalla-2024-04-05-a-las-11.16.40-1-1024x652.png\" alt=\"\" class=\"wp-image-963\" srcset=\"https:\/\/contracensura.com\/wp-content\/uploads\/2024\/04\/Captura-de-pantalla-2024-04-05-a-las-11.16.40-1-1024x652.png 1024w, https:\/\/contracensura.com\/wp-content\/uploads\/2024\/04\/Captura-de-pantalla-2024-04-05-a-las-11.16.40-1-300x191.png 300w, https:\/\/contracensura.com\/wp-content\/uploads\/2024\/04\/Captura-de-pantalla-2024-04-05-a-las-11.16.40-1-768x489.png 768w, https:\/\/contracensura.com\/wp-content\/uploads\/2024\/04\/Captura-de-pantalla-2024-04-05-a-las-11.16.40-1-1536x978.png 1536w, https:\/\/contracensura.com\/wp-content\/uploads\/2024\/04\/Captura-de-pantalla-2024-04-05-a-las-11.16.40-1.png 1640w\" sizes=\"auto, (max-width: 1024px) 100vw, 1024px\" \/><\/a><\/figure>\n\n\n\n<p>En este caso, se trata de la programaci\u00f3n en la Fundaci\u00f3n Cultural del municipio Rio do Sul, del Estado de Santa Catarina, del <em>Festival Transforma 2024<\/em>, que ha sido vetada por expreso deseo de su alcalde. Un evento cinematogr\u00e1fico de talante LGTBQIA+, organizado con el apoyo del Estado de Santa Catarina y cuyos contenidos no pueden considerarse escandalosos a d\u00eda de hoy, puesto que celebra ya su octava edici\u00f3n. Una programaci\u00f3n que ya hab\u00eda podido ser disfrutada, sin ning\u00fan problema en absoluto, en otras ciudades del Estado. Entre ellas quiero citar a Laguna por ser una ciudad que conozco, adem\u00e1s de ser la cuna de Anita Garibaldi.<\/p>\n\n\n\n<figure class=\"wp-block-image size-large\"><a href=\"https:\/\/oglobo.globo.com\/brasil\/noticia\/2024\/03\/28\/apos-audio-de-prefeito-em-sc-festival-lgbtiqa-e-suspenso-em-municipio-e-organizadores-veem-censura.ghtml\"><img loading=\"lazy\" decoding=\"async\" width=\"1024\" height=\"676\" src=\"https:\/\/contracensura.com\/wp-content\/uploads\/2024\/04\/Captura-de-pantalla-2024-03-30-a-las-11.55.54-1024x676.png\" alt=\"\" class=\"wp-image-966\" srcset=\"https:\/\/contracensura.com\/wp-content\/uploads\/2024\/04\/Captura-de-pantalla-2024-03-30-a-las-11.55.54-1024x676.png 1024w, https:\/\/contracensura.com\/wp-content\/uploads\/2024\/04\/Captura-de-pantalla-2024-03-30-a-las-11.55.54-300x198.png 300w, https:\/\/contracensura.com\/wp-content\/uploads\/2024\/04\/Captura-de-pantalla-2024-03-30-a-las-11.55.54-768x507.png 768w, https:\/\/contracensura.com\/wp-content\/uploads\/2024\/04\/Captura-de-pantalla-2024-03-30-a-las-11.55.54-1536x1015.png 1536w, https:\/\/contracensura.com\/wp-content\/uploads\/2024\/04\/Captura-de-pantalla-2024-03-30-a-las-11.55.54.png 1756w\" sizes=\"auto, (max-width: 1024px) 100vw, 1024px\" \/><\/a><\/figure>\n\n\n\n<p>Al igual que en el caso de la FURG, el Ministerio Fiscal ha reaccionado activando una investigaci\u00f3n sobre lo acontecido, aunque en Santa Catarina lo que se est\u00e1 examinando es si existe posible delito de transfobia en la decisi\u00f3n del alcalde de suspender el acto en su municipio, algo que en Brasil est\u00e1 duramente penado.<\/p>\n\n\n\n<p>Si en el caso de la FURG lo que el Ministerio Fiscal orden\u00f3 investigar es la libertad de utilizaci\u00f3n del propio cuerpo como material art\u00edstico, en el caso del Festival Transforma lo que la polic\u00eda est\u00e1 analizando es si existe delito en la pretensi\u00f3n de impedir la visibilizaci\u00f3n de otras concepciones o visiones del cuerpo humano a partir de la identidad sexual y de g\u00e9nero libremente elegidas. Interesante diferencia que dice mucho, y bueno, a favor del Estado de Santa Catarina, curiosamente gobernado por la ultraderecha, y bien poco del \u00fanico Estado brasile\u00f1o gobernado por un representante p\u00fablicamente asumido del colectivo LGTBQIA+, el Gobernador Eduardo Leite. Un Estado, el de Rio Grande do Sul, donde la polic\u00eda est\u00e1 perdiendo su tiempo investigando si constituye alg\u00fan tipo de delito el hecho de que un grupo de alumnos realizara una performance en la que los cuerpos se mostraron al desnudo dentro de uno de los espacios expositivos de la Facultad de Letras y Artes (ILA) de la Universidad Federal de Rio Grande (FURG).<\/p>\n\n\n\n<figure class=\"wp-block-image size-large\"><img loading=\"lazy\" decoding=\"async\" width=\"1005\" height=\"1024\" src=\"https:\/\/contracensura.com\/wp-content\/uploads\/2024\/04\/Captura-de-pantalla-2024-04-05-a-las-11.21.27-1005x1024.png\" alt=\"\" class=\"wp-image-968\" srcset=\"https:\/\/contracensura.com\/wp-content\/uploads\/2024\/04\/Captura-de-pantalla-2024-04-05-a-las-11.21.27-1005x1024.png 1005w, https:\/\/contracensura.com\/wp-content\/uploads\/2024\/04\/Captura-de-pantalla-2024-04-05-a-las-11.21.27-294x300.png 294w, https:\/\/contracensura.com\/wp-content\/uploads\/2024\/04\/Captura-de-pantalla-2024-04-05-a-las-11.21.27-768x783.png 768w, https:\/\/contracensura.com\/wp-content\/uploads\/2024\/04\/Captura-de-pantalla-2024-04-05-a-las-11.21.27.png 1376w\" sizes=\"auto, (max-width: 1005px) 100vw, 1005px\" \/><\/figure>\n","protected":false},"excerpt":{"rendered":"<p>Cuando a\u00fan no se han calmado las aguas del tsunami medi\u00e1tico acontecido tras la publicaci\u00f3n en las redes y televisiones brasile\u00f1as de un v\u00eddeo amateur an\u00f3nimo que mostraba a unos estudiantes de la FURG haciendo una performance al desnudo, para recibir a los nuevos alumnos del Instituto de Letras y Artes (ver mi art\u00edculo El&hellip;&nbsp;<\/p>\n","protected":false},"author":1,"featured_media":956,"comment_status":"open","ping_status":"open","sticky":false,"template":"","format":"standard","meta":{"neve_meta_sidebar":"","neve_meta_container":"","neve_meta_enable_content_width":"","neve_meta_content_width":0,"neve_meta_title_alignment":"","neve_meta_author_avatar":"","neve_post_elements_order":"","neve_meta_disable_header":"","neve_meta_disable_footer":"","neve_meta_disable_title":"","footnotes":""},"categories":[8],"tags":[7,2,119,120,3],"class_list":["post-955","post","type-post","status-publish","format-standard","has-post-thumbnail","hentry","category-materiales","tag-arte","tag-censura","tag-cine","tag-lgtbqia","tag-libertad-de-expresion"],"_links":{"self":[{"href":"https:\/\/contracensura.com\/index.php?rest_route=\/wp\/v2\/posts\/955","targetHints":{"allow":["GET"]}}],"collection":[{"href":"https:\/\/contracensura.com\/index.php?rest_route=\/wp\/v2\/posts"}],"about":[{"href":"https:\/\/contracensura.com\/index.php?rest_route=\/wp\/v2\/types\/post"}],"author":[{"embeddable":true,"href":"https:\/\/contracensura.com\/index.php?rest_route=\/wp\/v2\/users\/1"}],"replies":[{"embeddable":true,"href":"https:\/\/contracensura.com\/index.php?rest_route=%2Fwp%2Fv2%2Fcomments&post=955"}],"version-history":[{"count":9,"href":"https:\/\/contracensura.com\/index.php?rest_route=\/wp\/v2\/posts\/955\/revisions"}],"predecessor-version":[{"id":1005,"href":"https:\/\/contracensura.com\/index.php?rest_route=\/wp\/v2\/posts\/955\/revisions\/1005"}],"wp:featuredmedia":[{"embeddable":true,"href":"https:\/\/contracensura.com\/index.php?rest_route=\/wp\/v2\/media\/956"}],"wp:attachment":[{"href":"https:\/\/contracensura.com\/index.php?rest_route=%2Fwp%2Fv2%2Fmedia&parent=955"}],"wp:term":[{"taxonomy":"category","embeddable":true,"href":"https:\/\/contracensura.com\/index.php?rest_route=%2Fwp%2Fv2%2Fcategories&post=955"},{"taxonomy":"post_tag","embeddable":true,"href":"https:\/\/contracensura.com\/index.php?rest_route=%2Fwp%2Fv2%2Ftags&post=955"}],"curies":[{"name":"wp","href":"https:\/\/api.w.org\/{rel}","templated":true}]}}