{"id":714,"date":"2018-10-22T18:11:17","date_gmt":"2018-10-22T18:11:17","guid":{"rendered":"http:\/\/contracensura.com\/?p=714"},"modified":"2018-11-08T18:50:27","modified_gmt":"2018-11-08T18:50:27","slug":"714","status":"publish","type":"post","link":"https:\/\/contracensura.com\/?p=714","title":{"rendered":"CR\u00d3NICA DEL PRIMER DOMINGO Y LUNES \u2013 Domingo Mestre"},"content":{"rendered":"<div class=\"post-mtitle\"><img decoding=\"async\" class=\"alignnone size-medium wp-image-16471\" src=\"https:\/\/d1j34plcsphzeq.cloudfront.net\/wp-content\/uploads\/2018\/10\/Estrella_Jover-77-250x167.jpg\" sizes=\"(max-width: 250px) 100vw, 250px\" srcset=\"https:\/\/d1j34plcsphzeq.cloudfront.net\/wp-content\/uploads\/2018\/10\/Estrella_Jover-77-250x167.jpg?x73026 250w, https:\/\/d1j34plcsphzeq.cloudfront.net\/wp-content\/uploads\/2018\/10\/Estrella_Jover-77-768x512.jpg?x73026 768w, https:\/\/d1j34plcsphzeq.cloudfront.net\/wp-content\/uploads\/2018\/10\/Estrella_Jover-77-700x467.jpg?x73026 700w, https:\/\/d1j34plcsphzeq.cloudfront.net\/wp-content\/uploads\/2018\/10\/Estrella_Jover-77-120x80.jpg?x73026 120w, https:\/\/d1j34plcsphzeq.cloudfront.net\/wp-content\/uploads\/2018\/10\/Estrella_Jover-77.jpg?x73026 1400w\" alt=\"\" \/>\u00a0Foto: Estrella Jover<\/div>\n<div class=\"post-content\">\n<p>El domingo fue la presentaci\u00f3n del Tracapell\u00f3 de Marcel\u00b7li Ant\u00fanez en el Convent Carmen. Me cuenta Marcel\u00b7l\u00ed que en \u00e9l se puede ver todo el proceso de gestaci\u00f3n de la obra, incluyendo algunas im\u00e1genes que, por cuestiones t\u00e9cnicas, solo ahora han podido hacerse p\u00fablicas. Todo un lujo.<\/p>\n<p><img decoding=\"async\" class=\"alignnone size-medium wp-image-16466\" src=\"https:\/\/d1j34plcsphzeq.cloudfront.net\/wp-content\/uploads\/2018\/10\/Paula-Felipe-147-250x167.jpg\" sizes=\"(max-width: 250px) 100vw, 250px\" srcset=\"https:\/\/d1j34plcsphzeq.cloudfront.net\/wp-content\/uploads\/2018\/10\/Paula-Felipe-147-250x167.jpg?x73026 250w, https:\/\/d1j34plcsphzeq.cloudfront.net\/wp-content\/uploads\/2018\/10\/Paula-Felipe-147-768x512.jpg?x73026 768w, https:\/\/d1j34plcsphzeq.cloudfront.net\/wp-content\/uploads\/2018\/10\/Paula-Felipe-147-700x467.jpg?x73026 700w, https:\/\/d1j34plcsphzeq.cloudfront.net\/wp-content\/uploads\/2018\/10\/Paula-Felipe-147-120x80.jpg?x73026 120w, https:\/\/d1j34plcsphzeq.cloudfront.net\/wp-content\/uploads\/2018\/10\/Paula-Felipe-147.jpg?x73026 1400w\" alt=\"\" \/>\u00a0Foto: Paula Felipe<\/p>\n<p>Personalmente estuve ayudando en el montaje del\u00a0<em>\u201cEden\u201d\u00a0<\/em>que mi compa\u00f1era Janice Martins dise\u00f1\u00f3 para la edici\u00f3n de este a\u00f1o. Como sali\u00f3 un d\u00eda soleado y el jard\u00edn estaba lleno de gente que disfrutaba del ritmo marcado por La ostra azul, el montaje de la obra funcionaba casi como una performance. \u00a0El proyecto estaba concebido, tal como ella misma explica, como \u201cUn jard\u00edn dentro del jard\u00edn\u201d y los montadores (\u00c1ngeles Chac\u00f3n y Esther Catalu\u00f1a, adem\u00e1s de Martins y yo) cumpl\u00edamos el rol de jardineros\/carpinteros. Se trata de un homenaje a la obra del mismo t\u00edtulo que Helio Oiticica cre\u00f3 en plena dictadura militar para denunciar las dif\u00edciles condiciones del arte en un contexto tan represivo como el Brasil de los a\u00f1os sesenta. Una experiencia at\u00f3pica que entonces y ahora \u00a0se propone como ant\u00eddoto frente a la uniformidad y el conformismo creando un espacio port\u00e1til que anima al sensual disfrute del amor y la belleza -siempre a trav\u00e9s de los ritmos tropicales y la apasionada concepci\u00f3n del mundo de esta artista brasile\u00f1a.<\/p>\n<p><img decoding=\"async\" class=\"alignnone size-medium wp-image-16465\" src=\"https:\/\/d1j34plcsphzeq.cloudfront.net\/wp-content\/uploads\/2018\/10\/Estrella_Jover-99-250x167.jpg\" sizes=\"(max-width: 250px) 100vw, 250px\" srcset=\"https:\/\/d1j34plcsphzeq.cloudfront.net\/wp-content\/uploads\/2018\/10\/Estrella_Jover-99-250x167.jpg?x73026 250w, https:\/\/d1j34plcsphzeq.cloudfront.net\/wp-content\/uploads\/2018\/10\/Estrella_Jover-99-768x512.jpg?x73026 768w, https:\/\/d1j34plcsphzeq.cloudfront.net\/wp-content\/uploads\/2018\/10\/Estrella_Jover-99-700x467.jpg?x73026 700w, https:\/\/d1j34plcsphzeq.cloudfront.net\/wp-content\/uploads\/2018\/10\/Estrella_Jover-99-120x80.jpg?x73026 120w, https:\/\/d1j34plcsphzeq.cloudfront.net\/wp-content\/uploads\/2018\/10\/Estrella_Jover-99.jpg?x73026 1400w\" alt=\"\" \/>\u00a0Foto: Estrella Jover<\/p>\n<p>El lunes fue un d\u00eda tranquilo. Junto0 al resto del equipo, comimos con Paula Fraile que est\u00e1 haciendo un interesante proyecto de se\u00f1alizaci\u00f3n de los chicles pegados en el suelo, titulado \u201cEl rastro Involuntario\u201d. Ha elegido algunas de las calles m\u00e1s canallas de la ciudad, buscando se\u00f1alar con su trabajo \u00a0algunas de nuestras caracter\u00edsticas esencias no contaminadas todav\u00eda por el turismo. Tambi\u00e9n estuvimos hablando Janice Martins y yo con Sinistro, un artista italiano que est\u00e1 montando un proyecto en el que se nos cuenta de forma pl\u00e1stica que \u201cno importa el color, somos todos migrantes\u201d. Una idea que empez\u00f3 a trabajar como un mural que ha sido borrado y que ahora est\u00e1 re-construyendo, con otra forma pero manteniendo la misma intenci\u00f3n. Para ello pide la colaboraci\u00f3n de los transe\u00fantes, que dejan las huellas de sus pies, impresas en varios colores sobre un fondo negro. Tambi\u00e9n nos cuenta que inaugura exposici\u00f3n en otro espacio, pero eso ser\u00e1 otro d\u00eda.<\/p>\n<\/div>\n","protected":false},"excerpt":{"rendered":"<p>\u00a0Foto: Estrella Jover El domingo fue la presentaci\u00f3n del Tracapell\u00f3 de Marcel\u00b7li Ant\u00fanez en el Convent Carmen. Me cuenta Marcel\u00b7l\u00ed que en \u00e9l se puede ver todo el proceso de gestaci\u00f3n de la obra, incluyendo algunas im\u00e1genes que, por cuestiones t\u00e9cnicas, solo ahora han podido hacerse p\u00fablicas. Todo un lujo. \u00a0Foto: Paula Felipe Personalmente estuve&hellip;&nbsp;<\/p>\n","protected":false},"author":1,"featured_media":730,"comment_status":"open","ping_status":"open","sticky":false,"template":"","format":"standard","meta":{"neve_meta_sidebar":"","neve_meta_container":"","neve_meta_enable_content_width":"","neve_meta_content_width":0,"neve_meta_title_alignment":"","neve_meta_author_avatar":"","neve_post_elements_order":"","neve_meta_disable_header":"","neve_meta_disable_footer":"","neve_meta_disable_title":"","footnotes":""},"categories":[8],"tags":[106],"class_list":["post-714","post","type-post","status-publish","format-standard","has-post-thumbnail","hentry","category-materiales","tag-intramurs-2018"],"_links":{"self":[{"href":"https:\/\/contracensura.com\/index.php?rest_route=\/wp\/v2\/posts\/714","targetHints":{"allow":["GET"]}}],"collection":[{"href":"https:\/\/contracensura.com\/index.php?rest_route=\/wp\/v2\/posts"}],"about":[{"href":"https:\/\/contracensura.com\/index.php?rest_route=\/wp\/v2\/types\/post"}],"author":[{"embeddable":true,"href":"https:\/\/contracensura.com\/index.php?rest_route=\/wp\/v2\/users\/1"}],"replies":[{"embeddable":true,"href":"https:\/\/contracensura.com\/index.php?rest_route=%2Fwp%2Fv2%2Fcomments&post=714"}],"version-history":[{"count":2,"href":"https:\/\/contracensura.com\/index.php?rest_route=\/wp\/v2\/posts\/714\/revisions"}],"predecessor-version":[{"id":716,"href":"https:\/\/contracensura.com\/index.php?rest_route=\/wp\/v2\/posts\/714\/revisions\/716"}],"wp:featuredmedia":[{"embeddable":true,"href":"https:\/\/contracensura.com\/index.php?rest_route=\/wp\/v2\/media\/730"}],"wp:attachment":[{"href":"https:\/\/contracensura.com\/index.php?rest_route=%2Fwp%2Fv2%2Fmedia&parent=714"}],"wp:term":[{"taxonomy":"category","embeddable":true,"href":"https:\/\/contracensura.com\/index.php?rest_route=%2Fwp%2Fv2%2Fcategories&post=714"},{"taxonomy":"post_tag","embeddable":true,"href":"https:\/\/contracensura.com\/index.php?rest_route=%2Fwp%2Fv2%2Ftags&post=714"}],"curies":[{"name":"wp","href":"https:\/\/api.w.org\/{rel}","templated":true}]}}