{"id":711,"date":"2018-11-06T11:02:28","date_gmt":"2018-11-06T11:02:28","guid":{"rendered":"http:\/\/contracensura.com\/?p=711"},"modified":"2018-11-08T18:46:39","modified_gmt":"2018-11-08T18:46:39","slug":"cronica-de-la-clausura-de-intramurs-2018-domingo-mestre","status":"publish","type":"post","link":"https:\/\/contracensura.com\/?p=711","title":{"rendered":"CR\u00d3NICA DE LA CLAUSURA DE INTRAMURS 2018 \u2013 Domingo Mestre"},"content":{"rendered":"<div class=\"post-mtitle\">Cambiando la t\u00f3nica habitual, voy a escribir los siguientes p\u00e1rrafos en tercera persona para que sirvan, tambi\u00e9n, como nota de prensa conclusiva del festival. Aprovecho para comentar que ha habido muchos trabajos interesantes que no he nombrado en mis cr\u00f3nicas, pero he preferido ser honesto y comentar, tan solo, sobre aquello que he visto y me ha parecido interesante por alg\u00fan motivo.<\/div>\n<div class=\"post-content\">\n<p><img decoding=\"async\" class=\"alignnone size-medium wp-image-16737\" src=\"https:\/\/d1j34plcsphzeq.cloudfront.net\/wp-content\/uploads\/2018\/10\/44988338_1955023151258113_349400743490355200_n-250x166.jpg\" sizes=\"(max-width: 250px) 100vw, 250px\" srcset=\"https:\/\/d1j34plcsphzeq.cloudfront.net\/wp-content\/uploads\/2018\/10\/44988338_1955023151258113_349400743490355200_n-250x166.jpg?x73026 250w, https:\/\/d1j34plcsphzeq.cloudfront.net\/wp-content\/uploads\/2018\/10\/44988338_1955023151258113_349400743490355200_n-768x511.jpg?x73026 768w, https:\/\/d1j34plcsphzeq.cloudfront.net\/wp-content\/uploads\/2018\/10\/44988338_1955023151258113_349400743490355200_n-700x466.jpg?x73026 700w, https:\/\/d1j34plcsphzeq.cloudfront.net\/wp-content\/uploads\/2018\/10\/44988338_1955023151258113_349400743490355200_n-120x80.jpg?x73026 120w, https:\/\/d1j34plcsphzeq.cloudfront.net\/wp-content\/uploads\/2018\/10\/44988338_1955023151258113_349400743490355200_n.jpg?x73026 960w\" alt=\"\" \/>\u00a0<img decoding=\"async\" class=\"alignnone size-medium wp-image-16739\" src=\"https:\/\/d1j34plcsphzeq.cloudfront.net\/wp-content\/uploads\/2018\/10\/45029917_1955022604591501_5572732513375223808_n-250x166.jpg\" sizes=\"(max-width: 250px) 100vw, 250px\" srcset=\"https:\/\/d1j34plcsphzeq.cloudfront.net\/wp-content\/uploads\/2018\/10\/45029917_1955022604591501_5572732513375223808_n-250x166.jpg?x73026 250w, https:\/\/d1j34plcsphzeq.cloudfront.net\/wp-content\/uploads\/2018\/10\/45029917_1955022604591501_5572732513375223808_n-768x511.jpg?x73026 768w, https:\/\/d1j34plcsphzeq.cloudfront.net\/wp-content\/uploads\/2018\/10\/45029917_1955022604591501_5572732513375223808_n-700x466.jpg?x73026 700w, https:\/\/d1j34plcsphzeq.cloudfront.net\/wp-content\/uploads\/2018\/10\/45029917_1955022604591501_5572732513375223808_n-120x80.jpg?x73026 120w, https:\/\/d1j34plcsphzeq.cloudfront.net\/wp-content\/uploads\/2018\/10\/45029917_1955022604591501_5572732513375223808_n.jpg?x73026 960w\" alt=\"\" \/>\u00a0<img decoding=\"async\" class=\"alignnone size-medium wp-image-16752\" src=\"https:\/\/d1j34plcsphzeq.cloudfront.net\/wp-content\/uploads\/2018\/10\/45015778_1955023247924770_1248585085012148224_n-250x166.jpg\" sizes=\"(max-width: 250px) 100vw, 250px\" srcset=\"https:\/\/d1j34plcsphzeq.cloudfront.net\/wp-content\/uploads\/2018\/10\/45015778_1955023247924770_1248585085012148224_n-250x166.jpg?x73026 250w, https:\/\/d1j34plcsphzeq.cloudfront.net\/wp-content\/uploads\/2018\/10\/45015778_1955023247924770_1248585085012148224_n-768x511.jpg?x73026 768w, https:\/\/d1j34plcsphzeq.cloudfront.net\/wp-content\/uploads\/2018\/10\/45015778_1955023247924770_1248585085012148224_n-700x466.jpg?x73026 700w, https:\/\/d1j34plcsphzeq.cloudfront.net\/wp-content\/uploads\/2018\/10\/45015778_1955023247924770_1248585085012148224_n-120x80.jpg?x73026 120w, https:\/\/d1j34plcsphzeq.cloudfront.net\/wp-content\/uploads\/2018\/10\/45015778_1955023247924770_1248585085012148224_n.jpg?x73026 960w\" alt=\"\" \/>\u00a0Fotos: Paula Felipe<\/p>\n<p>Ayer finaliz\u00f3 la quinta edici\u00f3n del festival\u00a0<em>Intramurs, per l\u2019art al Mediterrani<\/em>\u00a0con una emblem\u00e1tica acci\u00f3n participativa titulada Agarre del sur. Un proyecto de las holandesas Linda Verkaalk y Monique Bastians que est\u00e1 concebido como un acci\u00f3n ritual colectiva que propone una sencilla pero emotiva experiencia de confraternizaci\u00f3n. Durante quince minutos, m\u00e1s de quinientos participantes unieron sus manos para crear una huella conjunta en escayola. La masa fue preparada con agua del mar Mediterr\u00e1neo, para completar y complementar una acci\u00f3n similar desarrollada en Holanda con el t\u00edtulo Agarre del Norte, y se vert\u00eda en estado casi liquido entra las manos de los participantes. Quedaban, as\u00ed, unidos en dobles parejas, muchas de ellas de desconocidos, hasta finalizar el fraguado, dando forma conjuntamente a bellas esculturas que, finalmente, pudieron llevarse como recuerdo en los envases que la organizaci\u00f3n hab\u00eda preparado para tal fin.<\/p>\n<p><img decoding=\"async\" class=\"alignnone size-medium wp-image-16738\" src=\"https:\/\/d1j34plcsphzeq.cloudfront.net\/wp-content\/uploads\/2018\/10\/45001827_1955033404590421_180312042870145024_n-250x166.jpg\" sizes=\"(max-width: 250px) 100vw, 250px\" srcset=\"https:\/\/d1j34plcsphzeq.cloudfront.net\/wp-content\/uploads\/2018\/10\/45001827_1955033404590421_180312042870145024_n-250x166.jpg?x73026 250w, https:\/\/d1j34plcsphzeq.cloudfront.net\/wp-content\/uploads\/2018\/10\/45001827_1955033404590421_180312042870145024_n-768x511.jpg?x73026 768w, https:\/\/d1j34plcsphzeq.cloudfront.net\/wp-content\/uploads\/2018\/10\/45001827_1955033404590421_180312042870145024_n-700x466.jpg?x73026 700w, https:\/\/d1j34plcsphzeq.cloudfront.net\/wp-content\/uploads\/2018\/10\/45001827_1955033404590421_180312042870145024_n-120x80.jpg?x73026 120w, https:\/\/d1j34plcsphzeq.cloudfront.net\/wp-content\/uploads\/2018\/10\/45001827_1955033404590421_180312042870145024_n.jpg?x73026 960w\" alt=\"\" \/>\u00a0<img decoding=\"async\" class=\"alignnone size-medium wp-image-16746\" src=\"https:\/\/d1j34plcsphzeq.cloudfront.net\/wp-content\/uploads\/2018\/10\/44979676_1955034054590356_6449471059455377408_n-250x166.jpg\" sizes=\"(max-width: 250px) 100vw, 250px\" srcset=\"https:\/\/d1j34plcsphzeq.cloudfront.net\/wp-content\/uploads\/2018\/10\/44979676_1955034054590356_6449471059455377408_n-250x166.jpg?x73026 250w, https:\/\/d1j34plcsphzeq.cloudfront.net\/wp-content\/uploads\/2018\/10\/44979676_1955034054590356_6449471059455377408_n-768x511.jpg?x73026 768w, https:\/\/d1j34plcsphzeq.cloudfront.net\/wp-content\/uploads\/2018\/10\/44979676_1955034054590356_6449471059455377408_n-700x466.jpg?x73026 700w, https:\/\/d1j34plcsphzeq.cloudfront.net\/wp-content\/uploads\/2018\/10\/44979676_1955034054590356_6449471059455377408_n-120x80.jpg?x73026 120w, https:\/\/d1j34plcsphzeq.cloudfront.net\/wp-content\/uploads\/2018\/10\/44979676_1955034054590356_6449471059455377408_n.jpg?x73026 960w\" alt=\"\" \/>\u00a0<img decoding=\"async\" class=\"alignnone size-medium wp-image-16736\" src=\"https:\/\/d1j34plcsphzeq.cloudfront.net\/wp-content\/uploads\/2018\/10\/44966231_1955033897923705_6116672469098037248_n-250x166.jpg\" sizes=\"(max-width: 250px) 100vw, 250px\" srcset=\"https:\/\/d1j34plcsphzeq.cloudfront.net\/wp-content\/uploads\/2018\/10\/44966231_1955033897923705_6116672469098037248_n-250x166.jpg?x73026 250w, https:\/\/d1j34plcsphzeq.cloudfront.net\/wp-content\/uploads\/2018\/10\/44966231_1955033897923705_6116672469098037248_n-768x511.jpg?x73026 768w, https:\/\/d1j34plcsphzeq.cloudfront.net\/wp-content\/uploads\/2018\/10\/44966231_1955033897923705_6116672469098037248_n-700x466.jpg?x73026 700w, https:\/\/d1j34plcsphzeq.cloudfront.net\/wp-content\/uploads\/2018\/10\/44966231_1955033897923705_6116672469098037248_n-120x80.jpg?x73026 120w, https:\/\/d1j34plcsphzeq.cloudfront.net\/wp-content\/uploads\/2018\/10\/44966231_1955033897923705_6116672469098037248_n.jpg?x73026 960w\" alt=\"\" \/>\u00a0Fotos: Paula Felipe<\/p>\n<p>La acci\u00f3n tuvo lugar en el Convent Carmen, que ha sido la sede principal de esta at\u00f3pica edici\u00f3n en la que Intramurs ha abandonado los tradicionales solares para reinventarse dentro de este antiguo convento de clausura. En sus jardines se pudo disfrutar, tambi\u00e9n, del Ed\u00e9n tropical que la brasile\u00f1a Janice Martins, vestida con un vaporoso atuendo repleto de grandes flores artificiales, propuso como un c\u00e1lido espacio para el afecto y la confraternizaci\u00f3n multicultural. Pero el gran suceso del fin de semana fue la exposici\u00f3n y el taller de construcciones Lego impartido por Valbrik en el Mes\u00f3n de Morella. Un esperad\u00edsimo evento de Mini Intramurs que provoc\u00f3 enormes colas tanto el s\u00e1bado como el domingo, independientemente de si llov\u00eda o sal\u00eda el sol.<\/p>\n<p><img decoding=\"async\" class=\"alignnone size-medium wp-image-16750\" src=\"https:\/\/d1j34plcsphzeq.cloudfront.net\/wp-content\/uploads\/2018\/10\/D743DFE1-626C-4FD8-9616-D3E254A9F4E0-250x166.jpeg\" sizes=\"(max-width: 250px) 100vw, 250px\" srcset=\"https:\/\/d1j34plcsphzeq.cloudfront.net\/wp-content\/uploads\/2018\/10\/D743DFE1-626C-4FD8-9616-D3E254A9F4E0-250x166.jpeg?x73026 250w, https:\/\/d1j34plcsphzeq.cloudfront.net\/wp-content\/uploads\/2018\/10\/D743DFE1-626C-4FD8-9616-D3E254A9F4E0-768x511.jpeg?x73026 768w, https:\/\/d1j34plcsphzeq.cloudfront.net\/wp-content\/uploads\/2018\/10\/D743DFE1-626C-4FD8-9616-D3E254A9F4E0-700x466.jpeg?x73026 700w, https:\/\/d1j34plcsphzeq.cloudfront.net\/wp-content\/uploads\/2018\/10\/D743DFE1-626C-4FD8-9616-D3E254A9F4E0-120x80.jpeg?x73026 120w, https:\/\/d1j34plcsphzeq.cloudfront.net\/wp-content\/uploads\/2018\/10\/D743DFE1-626C-4FD8-9616-D3E254A9F4E0.jpeg?x73026 960w\" alt=\"\" \/>\u00a0<img decoding=\"async\" class=\"alignnone size-medium wp-image-16745\" src=\"https:\/\/d1j34plcsphzeq.cloudfront.net\/wp-content\/uploads\/2018\/10\/44951161_1955020517925043_5004400046809022464_n-250x166.jpg\" sizes=\"(max-width: 250px) 100vw, 250px\" srcset=\"https:\/\/d1j34plcsphzeq.cloudfront.net\/wp-content\/uploads\/2018\/10\/44951161_1955020517925043_5004400046809022464_n-250x166.jpg?x73026 250w, https:\/\/d1j34plcsphzeq.cloudfront.net\/wp-content\/uploads\/2018\/10\/44951161_1955020517925043_5004400046809022464_n-768x511.jpg?x73026 768w, https:\/\/d1j34plcsphzeq.cloudfront.net\/wp-content\/uploads\/2018\/10\/44951161_1955020517925043_5004400046809022464_n-700x466.jpg?x73026 700w, https:\/\/d1j34plcsphzeq.cloudfront.net\/wp-content\/uploads\/2018\/10\/44951161_1955020517925043_5004400046809022464_n-120x80.jpg?x73026 120w, https:\/\/d1j34plcsphzeq.cloudfront.net\/wp-content\/uploads\/2018\/10\/44951161_1955020517925043_5004400046809022464_n.jpg?x73026 960w\" alt=\"\" \/>\u00a0Fotos:\u00a0 \u00a0Estrella Jover<\/p>\n<p>Adem\u00e1s, ha destacado en los \u00faltimos d\u00edas la perform\u00e1tica presentaci\u00f3n de la revista \u201cSublime\u201d, a cargo de Eugenio Merino y Avelino Sala, y el pol\u00e9mico proyecto de Omar Jerez y Julia Mart\u00ednez titulado \u201c\u00bfEs Omar Jerez el artista m\u00e1s odiado del arte espa\u00f1ol?\u201d Para terminar, resulta obligado subrayar en esta edici\u00f3n, patrocinada una vez m\u00e1s por Cervezas Alhambra, la impresionante propuesta\u00a0<em>\u201cLands of gravity\u201d<\/em>presentada por Wiliam Petit y Fabrike Nomade, cuyos componentes han estado sorprendi\u00e9ndonos cada d\u00eda con su danza experimental en todo tipo de espacios de la ciudad, reinterpret\u00e1ndolos, casi siempre de forma magistral, con el movimiento de sus cuerpos.<\/p>\n<\/div>\n","protected":false},"excerpt":{"rendered":"<p>Cambiando la t\u00f3nica habitual, voy a escribir los siguientes p\u00e1rrafos en tercera persona para que sirvan, tambi\u00e9n, como nota de prensa conclusiva del festival. Aprovecho para comentar que ha habido muchos trabajos interesantes que no he nombrado en mis cr\u00f3nicas, pero he preferido ser honesto y comentar, tan solo, sobre aquello que he visto y&hellip;&nbsp;<\/p>\n","protected":false},"author":1,"featured_media":728,"comment_status":"open","ping_status":"open","sticky":false,"template":"","format":"standard","meta":{"neve_meta_sidebar":"","neve_meta_container":"","neve_meta_enable_content_width":"","neve_meta_content_width":0,"neve_meta_title_alignment":"","neve_meta_author_avatar":"","neve_post_elements_order":"","neve_meta_disable_header":"","neve_meta_disable_footer":"","neve_meta_disable_title":"","footnotes":""},"categories":[8],"tags":[106],"class_list":["post-711","post","type-post","status-publish","format-standard","has-post-thumbnail","hentry","category-materiales","tag-intramurs-2018"],"_links":{"self":[{"href":"https:\/\/contracensura.com\/index.php?rest_route=\/wp\/v2\/posts\/711","targetHints":{"allow":["GET"]}}],"collection":[{"href":"https:\/\/contracensura.com\/index.php?rest_route=\/wp\/v2\/posts"}],"about":[{"href":"https:\/\/contracensura.com\/index.php?rest_route=\/wp\/v2\/types\/post"}],"author":[{"embeddable":true,"href":"https:\/\/contracensura.com\/index.php?rest_route=\/wp\/v2\/users\/1"}],"replies":[{"embeddable":true,"href":"https:\/\/contracensura.com\/index.php?rest_route=%2Fwp%2Fv2%2Fcomments&post=711"}],"version-history":[{"count":1,"href":"https:\/\/contracensura.com\/index.php?rest_route=\/wp\/v2\/posts\/711\/revisions"}],"predecessor-version":[{"id":712,"href":"https:\/\/contracensura.com\/index.php?rest_route=\/wp\/v2\/posts\/711\/revisions\/712"}],"wp:featuredmedia":[{"embeddable":true,"href":"https:\/\/contracensura.com\/index.php?rest_route=\/wp\/v2\/media\/728"}],"wp:attachment":[{"href":"https:\/\/contracensura.com\/index.php?rest_route=%2Fwp%2Fv2%2Fmedia&parent=711"}],"wp:term":[{"taxonomy":"category","embeddable":true,"href":"https:\/\/contracensura.com\/index.php?rest_route=%2Fwp%2Fv2%2Fcategories&post=711"},{"taxonomy":"post_tag","embeddable":true,"href":"https:\/\/contracensura.com\/index.php?rest_route=%2Fwp%2Fv2%2Ftags&post=711"}],"curies":[{"name":"wp","href":"https:\/\/api.w.org\/{rel}","templated":true}]}}