{"id":708,"date":"2018-10-29T12:40:29","date_gmt":"2018-10-29T12:40:29","guid":{"rendered":"http:\/\/contracensura.com\/?p=708"},"modified":"2018-11-08T18:48:19","modified_gmt":"2018-11-08T18:48:19","slug":"cronica-del-segundo-sabado-domingo-mestre","status":"publish","type":"post","link":"https:\/\/contracensura.com\/?p=708","title":{"rendered":"CR\u00d3NICA DEL SEGUNDO S\u00c1BADO \u2013 Domingo Mestre"},"content":{"rendered":"<div class=\"post-mtitle\">Volvi\u00f3 a salir un d\u00eda lluvioso y eso oblig\u00f3 a suspender el evento de #RanaPlaza, uno de los que m\u00e1s me apetec\u00eda ver. Estaba organizado por SETEM y por Sessantanove, dos organizaciones con las que he colaborado en otras ocasiones y siempre de forma muy satisfactoria. Me dicen que no se abandona la idea, tan solo se pospone hasta navidades, as\u00ed que conviene estar atentos para no perd\u00e9rselo.<\/div>\n<div class=\"post-content\">\n<p><img decoding=\"async\" class=\"alignnone size-medium wp-image-16716\" src=\"https:\/\/d1j34plcsphzeq.cloudfront.net\/wp-content\/uploads\/2018\/10\/44935164_1953617844731977_1074742684523954176_n-250x166.jpg\" sizes=\"(max-width: 250px) 100vw, 250px\" srcset=\"https:\/\/d1j34plcsphzeq.cloudfront.net\/wp-content\/uploads\/2018\/10\/44935164_1953617844731977_1074742684523954176_n-250x166.jpg?x73026 250w, https:\/\/d1j34plcsphzeq.cloudfront.net\/wp-content\/uploads\/2018\/10\/44935164_1953617844731977_1074742684523954176_n-768x511.jpg?x73026 768w, https:\/\/d1j34plcsphzeq.cloudfront.net\/wp-content\/uploads\/2018\/10\/44935164_1953617844731977_1074742684523954176_n-700x466.jpg?x73026 700w, https:\/\/d1j34plcsphzeq.cloudfront.net\/wp-content\/uploads\/2018\/10\/44935164_1953617844731977_1074742684523954176_n-120x80.jpg?x73026 120w, https:\/\/d1j34plcsphzeq.cloudfront.net\/wp-content\/uploads\/2018\/10\/44935164_1953617844731977_1074742684523954176_n.jpg?x73026 960w\" alt=\"\" \/>Foto: Estrella Jover\u00a0<img decoding=\"async\" class=\"alignnone size-medium wp-image-16706\" src=\"https:\/\/d1j34plcsphzeq.cloudfront.net\/wp-content\/uploads\/2018\/10\/43604366_1953616818065413_7661056908177965056_n-250x166.jpg\" sizes=\"(max-width: 250px) 100vw, 250px\" srcset=\"https:\/\/d1j34plcsphzeq.cloudfront.net\/wp-content\/uploads\/2018\/10\/43604366_1953616818065413_7661056908177965056_n-250x166.jpg?x73026 250w, https:\/\/d1j34plcsphzeq.cloudfront.net\/wp-content\/uploads\/2018\/10\/43604366_1953616818065413_7661056908177965056_n-768x511.jpg?x73026 768w, https:\/\/d1j34plcsphzeq.cloudfront.net\/wp-content\/uploads\/2018\/10\/43604366_1953616818065413_7661056908177965056_n-700x466.jpg?x73026 700w, https:\/\/d1j34plcsphzeq.cloudfront.net\/wp-content\/uploads\/2018\/10\/43604366_1953616818065413_7661056908177965056_n-120x80.jpg?x73026 120w, https:\/\/d1j34plcsphzeq.cloudfront.net\/wp-content\/uploads\/2018\/10\/43604366_1953616818065413_7661056908177965056_n.jpg?x73026 960w\" alt=\"\" \/>\u00a0Foto Ana Cian<\/p>\n<p>S\u00ed que pudo celebrarse la misa punkroquial que sirvi\u00f3 para presentar la revista \u201cSublime\u201d.\u00a0 Vinieron Eugenio Merino y Avelino Sala a oficiarla, aunque en estos d\u00edas tambi\u00e9n hemos podido saludar a Pelayo Varela y a otros insignes colaboradores de la misma, como Valent\u00edn Roma y Daniel G. And\u00fajar, que vinieron a Valencia a inaugurar una exposici\u00f3n de este \u00faltimo. La misa contaba con un libreto en el que se hab\u00eda se\u00f1alado los momentos en que los feligreses deb\u00edamos responder a una femenina voz rob\u00f3tica que ejerc\u00eda de pastora, as\u00ed como otros detalles que indicaban cu\u00e1ndo deb\u00edamos levantarnos, arrodillarnos\u00a0 o permanecer sentados. Entre las respuestas previstas hab\u00eda algunos mantras artistol\u00f3gicos que todos deb\u00edamos repetir a coro. Entre ellos, por poner un ejemplo: \u201cComisario ten piedad; Galerista ten piedad; Coleccionista ten piedad\u201d. Tambi\u00e9n se ley\u00f3 un fragmento de la carta del ap\u00f3stol San Fernando Castro Fl\u00f3rez y del santo evangelio del citado San Valent\u00edn Roma. Despu\u00e9s rezamos algunas oraciones por las \u00faltimas galer\u00edas y espacios de arte difuntos y acabamos con un divertido Credo en el Dinero que precedi\u00f3 al reparto gratuito de ejemplares entre los parroquianos.<\/p>\n<p><img decoding=\"async\" class=\"alignnone size-medium wp-image-16708\" src=\"https:\/\/d1j34plcsphzeq.cloudfront.net\/wp-content\/uploads\/2018\/10\/44934536_1953619671398461_2032205304141185024_n-250x167.jpg\" sizes=\"(max-width: 250px) 100vw, 250px\" srcset=\"https:\/\/d1j34plcsphzeq.cloudfront.net\/wp-content\/uploads\/2018\/10\/44934536_1953619671398461_2032205304141185024_n-250x167.jpg?x73026 250w, https:\/\/d1j34plcsphzeq.cloudfront.net\/wp-content\/uploads\/2018\/10\/44934536_1953619671398461_2032205304141185024_n-768x512.jpg?x73026 768w, https:\/\/d1j34plcsphzeq.cloudfront.net\/wp-content\/uploads\/2018\/10\/44934536_1953619671398461_2032205304141185024_n-700x467.jpg?x73026 700w, https:\/\/d1j34plcsphzeq.cloudfront.net\/wp-content\/uploads\/2018\/10\/44934536_1953619671398461_2032205304141185024_n-120x80.jpg?x73026 120w, https:\/\/d1j34plcsphzeq.cloudfront.net\/wp-content\/uploads\/2018\/10\/44934536_1953619671398461_2032205304141185024_n.jpg?x73026 960w\" alt=\"\" \/>\u00a0<img decoding=\"async\" class=\"alignnone size-medium wp-image-16709\" src=\"https:\/\/d1j34plcsphzeq.cloudfront.net\/wp-content\/uploads\/2018\/10\/43770154_1953617061398722_839188561839259648_n-250x167.jpg\" sizes=\"(max-width: 250px) 100vw, 250px\" srcset=\"https:\/\/d1j34plcsphzeq.cloudfront.net\/wp-content\/uploads\/2018\/10\/43770154_1953617061398722_839188561839259648_n-250x167.jpg?x73026 250w, https:\/\/d1j34plcsphzeq.cloudfront.net\/wp-content\/uploads\/2018\/10\/43770154_1953617061398722_839188561839259648_n-768x512.jpg?x73026 768w, https:\/\/d1j34plcsphzeq.cloudfront.net\/wp-content\/uploads\/2018\/10\/43770154_1953617061398722_839188561839259648_n-700x467.jpg?x73026 700w, https:\/\/d1j34plcsphzeq.cloudfront.net\/wp-content\/uploads\/2018\/10\/43770154_1953617061398722_839188561839259648_n-120x80.jpg?x73026 120w, https:\/\/d1j34plcsphzeq.cloudfront.net\/wp-content\/uploads\/2018\/10\/43770154_1953617061398722_839188561839259648_n.jpg?x73026 960w\" alt=\"\" \/>\u00a0Fotos: Ana Cian<\/p>\n<p>Por la tarde pudimos disfrutar de la performance R\u00e1llate, de Elia Torrecilla y Cristina Geti. Inspirada en la est\u00e9tica de las vanguardias de hace un siglo, las artistas bailaban al ritmo rob\u00f3tico de un video que las acompa\u00f1aba y terminaron invitando al publico a sumarse a su particular fiesta de las rallas. Despu\u00e9s de ellas hubo otra performance titulada En Tensi\u00f3n, de Alba y Mish Cabrera y finalmente Ulises Pistolo cerr\u00f3 la jornada con su tradicional concierto, que este a\u00f1o titul\u00f3 Transubstanciaci\u00f3. Esa m\u00fasica especial que cada a\u00f1o compone para estimularnos y sanarnos el alma cuando el festival est\u00e1 a punto de terminar. Este a\u00f1o se super\u00f3 a s\u00ed mismo, incorporando una hermosa voz femenina que sirvi\u00f3 para redondear el ambiente sacro y espiritual de esta jornada, que tuvimos que celebrar \u00edntegramente en la ex Iglesia por culpa de la meteorolog\u00eda.<\/p>\n<p><img decoding=\"async\" class=\"alignnone size-medium wp-image-16710\" src=\"https:\/\/d1j34plcsphzeq.cloudfront.net\/wp-content\/uploads\/2018\/10\/44940571_1953618584731903_3337428543792480256_n-250x166.jpg\" sizes=\"(max-width: 250px) 100vw, 250px\" srcset=\"https:\/\/d1j34plcsphzeq.cloudfront.net\/wp-content\/uploads\/2018\/10\/44940571_1953618584731903_3337428543792480256_n-250x166.jpg?x73026 250w, https:\/\/d1j34plcsphzeq.cloudfront.net\/wp-content\/uploads\/2018\/10\/44940571_1953618584731903_3337428543792480256_n-768x511.jpg?x73026 768w, https:\/\/d1j34plcsphzeq.cloudfront.net\/wp-content\/uploads\/2018\/10\/44940571_1953618584731903_3337428543792480256_n-700x466.jpg?x73026 700w, https:\/\/d1j34plcsphzeq.cloudfront.net\/wp-content\/uploads\/2018\/10\/44940571_1953618584731903_3337428543792480256_n-120x80.jpg?x73026 120w, https:\/\/d1j34plcsphzeq.cloudfront.net\/wp-content\/uploads\/2018\/10\/44940571_1953618584731903_3337428543792480256_n.jpg?x73026 960w\" alt=\"\" \/>\u00a0<img decoding=\"async\" class=\"alignnone size-medium wp-image-16711\" src=\"https:\/\/d1j34plcsphzeq.cloudfront.net\/wp-content\/uploads\/2018\/10\/44990500_1953619054731856_7800328915037192192_n-250x166.jpg\" sizes=\"(max-width: 250px) 100vw, 250px\" srcset=\"https:\/\/d1j34plcsphzeq.cloudfront.net\/wp-content\/uploads\/2018\/10\/44990500_1953619054731856_7800328915037192192_n-250x166.jpg?x73026 250w, https:\/\/d1j34plcsphzeq.cloudfront.net\/wp-content\/uploads\/2018\/10\/44990500_1953619054731856_7800328915037192192_n-768x511.jpg?x73026 768w, https:\/\/d1j34plcsphzeq.cloudfront.net\/wp-content\/uploads\/2018\/10\/44990500_1953619054731856_7800328915037192192_n-700x466.jpg?x73026 700w, https:\/\/d1j34plcsphzeq.cloudfront.net\/wp-content\/uploads\/2018\/10\/44990500_1953619054731856_7800328915037192192_n-120x80.jpg?x73026 120w, https:\/\/d1j34plcsphzeq.cloudfront.net\/wp-content\/uploads\/2018\/10\/44990500_1953619054731856_7800328915037192192_n.jpg?x73026 960w\" alt=\"\" \/>\u00a0Fotos: Ana Cian<\/p>\n<\/div>\n","protected":false},"excerpt":{"rendered":"<p>Volvi\u00f3 a salir un d\u00eda lluvioso y eso oblig\u00f3 a suspender el evento de #RanaPlaza, uno de los que m\u00e1s me apetec\u00eda ver. Estaba organizado por SETEM y por Sessantanove, dos organizaciones con las que he colaborado en otras ocasiones y siempre de forma muy satisfactoria. Me dicen que no se abandona la idea, tan&hellip;&nbsp;<\/p>\n","protected":false},"author":1,"featured_media":729,"comment_status":"open","ping_status":"open","sticky":false,"template":"","format":"standard","meta":{"neve_meta_sidebar":"","neve_meta_container":"","neve_meta_enable_content_width":"","neve_meta_content_width":0,"neve_meta_title_alignment":"","neve_meta_author_avatar":"","neve_post_elements_order":"","neve_meta_disable_header":"","neve_meta_disable_footer":"","neve_meta_disable_title":"","footnotes":""},"categories":[8],"tags":[106],"class_list":["post-708","post","type-post","status-publish","format-standard","has-post-thumbnail","hentry","category-materiales","tag-intramurs-2018"],"_links":{"self":[{"href":"https:\/\/contracensura.com\/index.php?rest_route=\/wp\/v2\/posts\/708","targetHints":{"allow":["GET"]}}],"collection":[{"href":"https:\/\/contracensura.com\/index.php?rest_route=\/wp\/v2\/posts"}],"about":[{"href":"https:\/\/contracensura.com\/index.php?rest_route=\/wp\/v2\/types\/post"}],"author":[{"embeddable":true,"href":"https:\/\/contracensura.com\/index.php?rest_route=\/wp\/v2\/users\/1"}],"replies":[{"embeddable":true,"href":"https:\/\/contracensura.com\/index.php?rest_route=%2Fwp%2Fv2%2Fcomments&post=708"}],"version-history":[{"count":1,"href":"https:\/\/contracensura.com\/index.php?rest_route=\/wp\/v2\/posts\/708\/revisions"}],"predecessor-version":[{"id":709,"href":"https:\/\/contracensura.com\/index.php?rest_route=\/wp\/v2\/posts\/708\/revisions\/709"}],"wp:featuredmedia":[{"embeddable":true,"href":"https:\/\/contracensura.com\/index.php?rest_route=\/wp\/v2\/media\/729"}],"wp:attachment":[{"href":"https:\/\/contracensura.com\/index.php?rest_route=%2Fwp%2Fv2%2Fmedia&parent=708"}],"wp:term":[{"taxonomy":"category","embeddable":true,"href":"https:\/\/contracensura.com\/index.php?rest_route=%2Fwp%2Fv2%2Fcategories&post=708"},{"taxonomy":"post_tag","embeddable":true,"href":"https:\/\/contracensura.com\/index.php?rest_route=%2Fwp%2Fv2%2Ftags&post=708"}],"curies":[{"name":"wp","href":"https:\/\/api.w.org\/{rel}","templated":true}]}}