{"id":706,"date":"2018-10-29T12:37:33","date_gmt":"2018-10-29T12:37:33","guid":{"rendered":"http:\/\/contracensura.com\/?p=706"},"modified":"2018-11-08T18:52:09","modified_gmt":"2018-11-08T18:52:09","slug":"cronica-del-segundo-viernes-de-intramurs-2018-domingo-mestre","status":"publish","type":"post","link":"https:\/\/contracensura.com\/?p=706","title":{"rendered":"CR\u00d3NICA DEL SEGUNDO VIERNES DE INTRAMURS 2018 \u2013 Domingo Mestre"},"content":{"rendered":"<div class=\"post-mtitle\"><\/div>\n<div class=\"post-content\">\n<p><img decoding=\"async\" class=\"alignnone size-medium wp-image-16690\" src=\"https:\/\/d1j34plcsphzeq.cloudfront.net\/wp-content\/uploads\/2018\/10\/44826457_1952174654876296_56939339220779008_n-250x166.jpg\" sizes=\"(max-width: 250px) 100vw, 250px\" srcset=\"https:\/\/d1j34plcsphzeq.cloudfront.net\/wp-content\/uploads\/2018\/10\/44826457_1952174654876296_56939339220779008_n-250x166.jpg?x73026 250w, https:\/\/d1j34plcsphzeq.cloudfront.net\/wp-content\/uploads\/2018\/10\/44826457_1952174654876296_56939339220779008_n-768x511.jpg?x73026 768w, https:\/\/d1j34plcsphzeq.cloudfront.net\/wp-content\/uploads\/2018\/10\/44826457_1952174654876296_56939339220779008_n-700x466.jpg?x73026 700w, https:\/\/d1j34plcsphzeq.cloudfront.net\/wp-content\/uploads\/2018\/10\/44826457_1952174654876296_56939339220779008_n-120x80.jpg?x73026 120w, https:\/\/d1j34plcsphzeq.cloudfront.net\/wp-content\/uploads\/2018\/10\/44826457_1952174654876296_56939339220779008_n.jpg?x73026 960w\" alt=\"\" \/>\u00a0 Foto: Ana Cian\u00a0<img decoding=\"async\" class=\"alignnone size-medium wp-image-16691\" src=\"https:\/\/d1j34plcsphzeq.cloudfront.net\/wp-content\/uploads\/2018\/10\/44866150_1952174041543024_4611675431333003264_n-250x166.jpg\" sizes=\"(max-width: 250px) 100vw, 250px\" srcset=\"https:\/\/d1j34plcsphzeq.cloudfront.net\/wp-content\/uploads\/2018\/10\/44866150_1952174041543024_4611675431333003264_n-250x166.jpg?x73026 250w, https:\/\/d1j34plcsphzeq.cloudfront.net\/wp-content\/uploads\/2018\/10\/44866150_1952174041543024_4611675431333003264_n-768x511.jpg?x73026 768w, https:\/\/d1j34plcsphzeq.cloudfront.net\/wp-content\/uploads\/2018\/10\/44866150_1952174041543024_4611675431333003264_n-700x466.jpg?x73026 700w, https:\/\/d1j34plcsphzeq.cloudfront.net\/wp-content\/uploads\/2018\/10\/44866150_1952174041543024_4611675431333003264_n-120x80.jpg?x73026 120w, https:\/\/d1j34plcsphzeq.cloudfront.net\/wp-content\/uploads\/2018\/10\/44866150_1952174041543024_4611675431333003264_n.jpg?x73026 960w\" alt=\"\" \/>\u00a0Foto: Estrella Jover<\/p>\n<p>Este viernes hubieron varias acciones callejeras en nuestra programaci\u00f3n. Particip\u00e9 en la acci\u00f3n\u00a0<em>\u201cI\u2019m watching Art\u201d<\/em>\u00a0de Marta Ruiz Anguera que tuvo lugar en la puerta de nuestra sede, en la calle Conde Trenor. All\u00ed, la artista mont\u00f3 un peque\u00f1o dispositivo a trav\u00e9s del que se requer\u00eda la colaboraci\u00f3n del p\u00fablico para participar en un proyecto a trav\u00e9s de la red Whatsapp. No voy a decir m\u00e1s porque hoy se repetir\u00e1 la acci\u00f3n y no conviene avanzar m\u00e1s informaci\u00f3n. Tan solo animar a quienes pasen por all\u00ed a que atiendan la invitaci\u00f3n de Ruiz a participar en la experiencia. Tambi\u00e9n andaba por la zona el proyecto \u201cTerritorializando\u201d, de Van Jes\u00fas, con el que la artista marcaba con una tiza gigante su recorrido por el centro hist\u00f3rico, cruz\u00e1ndose en algunos momentos con los chicos de Caminart que andaban a lo suyo, siguiendo las rutas marcadas en nuestra programaci\u00f3n. Y tambi\u00e9n tuvo lugar la acci\u00f3n Obrint Fronteres en la Plaza de la Santa creu.<\/p>\n<p><img decoding=\"async\" class=\"alignnone size-medium wp-image-16695\" src=\"https:\/\/d1j34plcsphzeq.cloudfront.net\/wp-content\/uploads\/2018\/10\/44836926_1952179204875841_3416093240640667648_n-250x167.jpg\" sizes=\"(max-width: 250px) 100vw, 250px\" srcset=\"https:\/\/d1j34plcsphzeq.cloudfront.net\/wp-content\/uploads\/2018\/10\/44836926_1952179204875841_3416093240640667648_n-250x167.jpg?x73026 250w, https:\/\/d1j34plcsphzeq.cloudfront.net\/wp-content\/uploads\/2018\/10\/44836926_1952179204875841_3416093240640667648_n-768x513.jpg?x73026 768w, https:\/\/d1j34plcsphzeq.cloudfront.net\/wp-content\/uploads\/2018\/10\/44836926_1952179204875841_3416093240640667648_n-700x467.jpg?x73026 700w, https:\/\/d1j34plcsphzeq.cloudfront.net\/wp-content\/uploads\/2018\/10\/44836926_1952179204875841_3416093240640667648_n-120x80.jpg?x73026 120w, https:\/\/d1j34plcsphzeq.cloudfront.net\/wp-content\/uploads\/2018\/10\/44836926_1952179204875841_3416093240640667648_n.jpg?x73026 960w\" alt=\"\" \/>\u00a0Foto: Octavio Juan<img decoding=\"async\" class=\"alignnone size-medium wp-image-16696\" src=\"https:\/\/d1j34plcsphzeq.cloudfront.net\/wp-content\/uploads\/2018\/10\/44843824_1952180344875727_7680933561557319680_n-250x166.jpg\" sizes=\"(max-width: 250px) 100vw, 250px\" srcset=\"https:\/\/d1j34plcsphzeq.cloudfront.net\/wp-content\/uploads\/2018\/10\/44843824_1952180344875727_7680933561557319680_n-250x166.jpg?x73026 250w, https:\/\/d1j34plcsphzeq.cloudfront.net\/wp-content\/uploads\/2018\/10\/44843824_1952180344875727_7680933561557319680_n-768x511.jpg?x73026 768w, https:\/\/d1j34plcsphzeq.cloudfront.net\/wp-content\/uploads\/2018\/10\/44843824_1952180344875727_7680933561557319680_n-700x466.jpg?x73026 700w, https:\/\/d1j34plcsphzeq.cloudfront.net\/wp-content\/uploads\/2018\/10\/44843824_1952180344875727_7680933561557319680_n-120x80.jpg?x73026 120w, https:\/\/d1j34plcsphzeq.cloudfront.net\/wp-content\/uploads\/2018\/10\/44843824_1952180344875727_7680933561557319680_n.jpg?x73026 960w\" alt=\"\" \/>\u00a0Foto: Estrella Jover<\/p>\n<p>Estuve, tambi\u00e9n, en el\u00a0<em>\u201cSkin sense sensei\u201d<\/em>\u00a0de Fabrik Nomade en el Refugio de la Calle de Serranos. Una impresionante experiencia multisensorial, vivida la mayor parte del tiempo en completa oscuridad, en la que los espectadores se ven obligados\u00a0 a atender las escasas se\u00f1ales que les llegan a trav\u00e9s del sonido, del olfato y, sobre todo, del tacto. El contacto con el espect\u00e1culo se produce a trav\u00e9s de los roces y los susurros, incluso a trav\u00e9s del aliento, de personajes visualmente indiscernibles que igual gritan desgarradamente que reclaman por un beso, la mayor parte del tiempo siguiendo el ritmo marcado por el chelo. Personalmente me gusto mucho la experiencia, pues el hecho de sentirme aislado en la oscuridad de aquel espacio (previamente se nos hab\u00eda conducido a un lugar diferente a cada uno de nosotros) me pareci\u00f3 turbador y hasta en alg\u00fan momento lleg\u00f3 a ser inquietante, pero sin llegar nunca a ser siniestro. En los momentos en que se pod\u00eda percibir algo con la vista ve\u00eda numerosos cuerpos en movimiento que interactuaban con el espacio y entre s\u00ed. Entonces se pod\u00eda ver que algunos estaban desnudos y que otros llevaban vestidos, pero sin saber en ning\u00fan momento qu\u00e9 era exactamente \u00a0lo que estaba ocurriendo, ni qui\u00e9n era la persona que me lanzaba su aliento o buscaba el roce con mi cuerpo. Otro gran trabajo, a mi juicio, de este grupo de artistas coordinado por Wiliam Petit.<\/p>\n<p><img decoding=\"async\" class=\"alignnone size-medium wp-image-16688\" src=\"https:\/\/d1j34plcsphzeq.cloudfront.net\/wp-content\/uploads\/2018\/10\/Octavio-Juan_0374-250x167.jpg\" sizes=\"(max-width: 250px) 100vw, 250px\" srcset=\"https:\/\/d1j34plcsphzeq.cloudfront.net\/wp-content\/uploads\/2018\/10\/Octavio-Juan_0374-250x167.jpg?x73026 250w, https:\/\/d1j34plcsphzeq.cloudfront.net\/wp-content\/uploads\/2018\/10\/Octavio-Juan_0374-768x513.jpg?x73026 768w, https:\/\/d1j34plcsphzeq.cloudfront.net\/wp-content\/uploads\/2018\/10\/Octavio-Juan_0374-700x468.jpg?x73026 700w, https:\/\/d1j34plcsphzeq.cloudfront.net\/wp-content\/uploads\/2018\/10\/Octavio-Juan_0374-120x80.jpg?x73026 120w, https:\/\/d1j34plcsphzeq.cloudfront.net\/wp-content\/uploads\/2018\/10\/Octavio-Juan_0374.jpg?x73026 1400w\" alt=\"\" \/>\u00a0Fotos: Octavio Juan\u00a0<img decoding=\"async\" class=\"alignnone size-medium wp-image-16689\" src=\"https:\/\/d1j34plcsphzeq.cloudfront.net\/wp-content\/uploads\/2018\/10\/Octavio-Juan_0375-250x167.jpg\" sizes=\"(max-width: 250px) 100vw, 250px\" srcset=\"https:\/\/d1j34plcsphzeq.cloudfront.net\/wp-content\/uploads\/2018\/10\/Octavio-Juan_0375-250x167.jpg?x73026 250w, https:\/\/d1j34plcsphzeq.cloudfront.net\/wp-content\/uploads\/2018\/10\/Octavio-Juan_0375-768x513.jpg?x73026 768w, https:\/\/d1j34plcsphzeq.cloudfront.net\/wp-content\/uploads\/2018\/10\/Octavio-Juan_0375-700x468.jpg?x73026 700w, https:\/\/d1j34plcsphzeq.cloudfront.net\/wp-content\/uploads\/2018\/10\/Octavio-Juan_0375-120x80.jpg?x73026 120w, https:\/\/d1j34plcsphzeq.cloudfront.net\/wp-content\/uploads\/2018\/10\/Octavio-Juan_0375.jpg?x73026 1400w\" alt=\"\" \/><\/p>\n<p>Despu\u00e9s pude disfrutar de la divertida presentaci\u00f3n de Ana Elena Pena, en la ex Iglesia del Convent Carmen y de la m\u00fasica insomne de Arc\u00fagal y Raponch\u00edn en los jardines de este espacio. Y a \u00faltima hora volvimos a pasar por el estudio de Yica Djuric i Gang donde presentaba su m\u00fasica Jahsanti Selektor). Entre tanto, Omar Jerez y Julia Mart\u00ednez \u00a0presentaron su proyecto \u00bfEs Omar Jerez el artista m\u00e1s odiado del arte espa\u00f1ol? Una propuesta consistente en la emisi\u00f3n en pantalla gigante de las m\u00e1s violentas escenas de tortura y asesinato de grupos terroristas como ISIS, mientras algunos miembros de Intramurs repart\u00edan comida entre los asistentes, algo que provoc\u00f3 el rechazo generalizado del p\u00fablico. Una denuncia del cinismo nuestro de cada d\u00eda, cuando consumimos \u00a0acr\u00edticamente las im\u00e1genes de los media, que fue percibida por parte del p\u00fablico como una provocaci\u00f3n, en unos casos justificada y en otros no tanto, siendo estos \u00faltimos los que dotaron de sentido al t\u00edtulo del proyecto.<\/p>\n<\/div>\n","protected":false},"excerpt":{"rendered":"<p>\u00a0 Foto: Ana Cian\u00a0\u00a0Foto: Estrella Jover Este viernes hubieron varias acciones callejeras en nuestra programaci\u00f3n. Particip\u00e9 en la acci\u00f3n\u00a0\u201cI\u2019m watching Art\u201d\u00a0de Marta Ruiz Anguera que tuvo lugar en la puerta de nuestra sede, en la calle Conde Trenor. All\u00ed, la artista mont\u00f3 un peque\u00f1o dispositivo a trav\u00e9s del que se requer\u00eda la colaboraci\u00f3n del p\u00fablico&hellip;&nbsp;<\/p>\n","protected":false},"author":1,"featured_media":731,"comment_status":"open","ping_status":"open","sticky":false,"template":"","format":"standard","meta":{"neve_meta_sidebar":"","neve_meta_container":"","neve_meta_enable_content_width":"","neve_meta_content_width":0,"neve_meta_title_alignment":"","neve_meta_author_avatar":"","neve_post_elements_order":"","neve_meta_disable_header":"","neve_meta_disable_footer":"","neve_meta_disable_title":"","footnotes":""},"categories":[8],"tags":[106],"class_list":["post-706","post","type-post","status-publish","format-standard","has-post-thumbnail","hentry","category-materiales","tag-intramurs-2018"],"_links":{"self":[{"href":"https:\/\/contracensura.com\/index.php?rest_route=\/wp\/v2\/posts\/706","targetHints":{"allow":["GET"]}}],"collection":[{"href":"https:\/\/contracensura.com\/index.php?rest_route=\/wp\/v2\/posts"}],"about":[{"href":"https:\/\/contracensura.com\/index.php?rest_route=\/wp\/v2\/types\/post"}],"author":[{"embeddable":true,"href":"https:\/\/contracensura.com\/index.php?rest_route=\/wp\/v2\/users\/1"}],"replies":[{"embeddable":true,"href":"https:\/\/contracensura.com\/index.php?rest_route=%2Fwp%2Fv2%2Fcomments&post=706"}],"version-history":[{"count":1,"href":"https:\/\/contracensura.com\/index.php?rest_route=\/wp\/v2\/posts\/706\/revisions"}],"predecessor-version":[{"id":707,"href":"https:\/\/contracensura.com\/index.php?rest_route=\/wp\/v2\/posts\/706\/revisions\/707"}],"wp:featuredmedia":[{"embeddable":true,"href":"https:\/\/contracensura.com\/index.php?rest_route=\/wp\/v2\/media\/731"}],"wp:attachment":[{"href":"https:\/\/contracensura.com\/index.php?rest_route=%2Fwp%2Fv2%2Fmedia&parent=706"}],"wp:term":[{"taxonomy":"category","embeddable":true,"href":"https:\/\/contracensura.com\/index.php?rest_route=%2Fwp%2Fv2%2Fcategories&post=706"},{"taxonomy":"post_tag","embeddable":true,"href":"https:\/\/contracensura.com\/index.php?rest_route=%2Fwp%2Fv2%2Ftags&post=706"}],"curies":[{"name":"wp","href":"https:\/\/api.w.org\/{rel}","templated":true}]}}