{"id":701,"date":"2018-10-24T13:10:38","date_gmt":"2018-10-24T13:10:38","guid":{"rendered":"http:\/\/contracensura.com\/?p=701"},"modified":"2018-11-08T18:54:56","modified_gmt":"2018-11-08T18:54:56","slug":"cronica-del-martes-domingo-mestre","status":"publish","type":"post","link":"https:\/\/contracensura.com\/?p=701","title":{"rendered":"CR\u00d3NICA DEL MARTES \u2013 Domingo Mestre"},"content":{"rendered":"<div class=\"post-mtitle\"><img decoding=\"async\" class=\"alignnone size-medium wp-image-16504\" src=\"https:\/\/d1j34plcsphzeq.cloudfront.net\/wp-content\/uploads\/2018\/10\/44675088_1948103925283369_7925574662514278400_n-250x166.jpg\" sizes=\"(max-width: 250px) 100vw, 250px\" srcset=\"https:\/\/d1j34plcsphzeq.cloudfront.net\/wp-content\/uploads\/2018\/10\/44675088_1948103925283369_7925574662514278400_n-250x166.jpg?x73026 250w, https:\/\/d1j34plcsphzeq.cloudfront.net\/wp-content\/uploads\/2018\/10\/44675088_1948103925283369_7925574662514278400_n-768x511.jpg?x73026 768w, https:\/\/d1j34plcsphzeq.cloudfront.net\/wp-content\/uploads\/2018\/10\/44675088_1948103925283369_7925574662514278400_n-700x466.jpg?x73026 700w, https:\/\/d1j34plcsphzeq.cloudfront.net\/wp-content\/uploads\/2018\/10\/44675088_1948103925283369_7925574662514278400_n-120x80.jpg?x73026 120w, https:\/\/d1j34plcsphzeq.cloudfront.net\/wp-content\/uploads\/2018\/10\/44675088_1948103925283369_7925574662514278400_n.jpg?x73026 960w\" alt=\"\" \/>\u00a0Foto: Estrella Jover<\/div>\n<div class=\"post-content\">\n<p>Una parte muy importante de Intramurs es la secci\u00f3n de intervenciones en fachadas y escaparates, pues es una de las actividades que m\u00e1s p\u00fablico atrae. Es la \u00fanica que siempre adopta la forma de concurso y ayer fue cuando se hicieron p\u00fablicos los proyectos premiados. El fallo corri\u00f3 a cargo de un jurado independiente, compuesto por Maota Soldevilla, historiadora del arte (que actu\u00f3 como presidenta del mismo), Sergio Ferrero, profesor del Departamento de Interiorismo de la EASD, Jes\u00fas Olavarr\u00eda, dise\u00f1ador cofundador de Nihil Estudio, y Alba Ib\u00e1\u00f1ez, propietaria y gerente del comercio\u00a0<em>La chaise Retro&amp;Med.<\/em><\/p>\n<p><img decoding=\"async\" class=\"alignnone size-medium wp-image-16503\" src=\"https:\/\/d1j34plcsphzeq.cloudfront.net\/wp-content\/uploads\/2018\/10\/Paula-Felipe_040-250x167.jpg\" sizes=\"(max-width: 250px) 100vw, 250px\" srcset=\"https:\/\/d1j34plcsphzeq.cloudfront.net\/wp-content\/uploads\/2018\/10\/Paula-Felipe_040-250x167.jpg?x73026 250w, https:\/\/d1j34plcsphzeq.cloudfront.net\/wp-content\/uploads\/2018\/10\/Paula-Felipe_040-768x512.jpg?x73026 768w, https:\/\/d1j34plcsphzeq.cloudfront.net\/wp-content\/uploads\/2018\/10\/Paula-Felipe_040-700x467.jpg?x73026 700w, https:\/\/d1j34plcsphzeq.cloudfront.net\/wp-content\/uploads\/2018\/10\/Paula-Felipe_040-120x80.jpg?x73026 120w, https:\/\/d1j34plcsphzeq.cloudfront.net\/wp-content\/uploads\/2018\/10\/Paula-Felipe_040.jpg?x73026 1400w\" alt=\"\" \/>\u00a0Foto: Paula Felipe<\/p>\n<p>En la secci\u00f3n de intervenci\u00f3n en fachadas, bautizada como\u201cVestir la ciudad\u201d, el primer premio lo obtuvo la propuesta de Vicente Carrasco y Carla fuentes en la fachada de la sede de Intramurs en Conde Trenor, el segundo se lo llevaron los alumnos de la EASD que intervinieron la fachada de su escuela y el tercero fue para Carlos Pinazo, que dise\u00f1o el escenario interno del Convent Carmen.<\/p>\n<p>En la secci\u00f3n de Escaparatismo, el primer premio se lo llev\u00f3 el proyecto de Vinz Feel Free y Mart\u00edn Martini que puede verse en Sabotaje, el segundo fue para Nituniyo + Menosesm\u00e1s que hicieron el escaparate de Calatayud Navarro arquitectos y el tercero para Mar\u00eda Grass que intervino La chaise Retro&amp;Med.<\/p>\n<p><img decoding=\"async\" class=\"alignnone size-medium wp-image-16505\" src=\"https:\/\/d1j34plcsphzeq.cloudfront.net\/wp-content\/uploads\/2018\/10\/44683187_1948086541951774_8296971814723125248_n-250x166.jpg\" sizes=\"(max-width: 250px) 100vw, 250px\" srcset=\"https:\/\/d1j34plcsphzeq.cloudfront.net\/wp-content\/uploads\/2018\/10\/44683187_1948086541951774_8296971814723125248_n-250x166.jpg?x73026 250w, https:\/\/d1j34plcsphzeq.cloudfront.net\/wp-content\/uploads\/2018\/10\/44683187_1948086541951774_8296971814723125248_n-768x511.jpg?x73026 768w, https:\/\/d1j34plcsphzeq.cloudfront.net\/wp-content\/uploads\/2018\/10\/44683187_1948086541951774_8296971814723125248_n-700x466.jpg?x73026 700w, https:\/\/d1j34plcsphzeq.cloudfront.net\/wp-content\/uploads\/2018\/10\/44683187_1948086541951774_8296971814723125248_n-120x80.jpg?x73026 120w, https:\/\/d1j34plcsphzeq.cloudfront.net\/wp-content\/uploads\/2018\/10\/44683187_1948086541951774_8296971814723125248_n.jpg?x73026 960w\" alt=\"\" \/>\u00a0Foto: Estrella Jover\u00a0<img decoding=\"async\" class=\"alignnone size-medium wp-image-16508\" src=\"https:\/\/d1j34plcsphzeq.cloudfront.net\/wp-content\/uploads\/2018\/10\/44742673_1948092661951162_2572155192296341504_n-250x167.jpg\" sizes=\"(max-width: 250px) 100vw, 250px\" srcset=\"https:\/\/d1j34plcsphzeq.cloudfront.net\/wp-content\/uploads\/2018\/10\/44742673_1948092661951162_2572155192296341504_n-250x167.jpg?x73026 250w, https:\/\/d1j34plcsphzeq.cloudfront.net\/wp-content\/uploads\/2018\/10\/44742673_1948092661951162_2572155192296341504_n-768x512.jpg?x73026 768w, https:\/\/d1j34plcsphzeq.cloudfront.net\/wp-content\/uploads\/2018\/10\/44742673_1948092661951162_2572155192296341504_n-700x467.jpg?x73026 700w, https:\/\/d1j34plcsphzeq.cloudfront.net\/wp-content\/uploads\/2018\/10\/44742673_1948092661951162_2572155192296341504_n-120x80.jpg?x73026 120w, https:\/\/d1j34plcsphzeq.cloudfront.net\/wp-content\/uploads\/2018\/10\/44742673_1948092661951162_2572155192296341504_n.jpg?x73026 960w\" alt=\"\" \/>\u00a0\u00a0Foto: Ana Cian<\/p>\n<p>En la secci\u00f3n \u201cHecho a mano\u201d, que consist\u00eda en la intervenci\u00f3n de unas manos conmemorativas de nuestro quinto aniversario, los premios fueron para May Hidalgo, que materializ\u00f3 su intervenci\u00f3n en el Monstruo, para Azahara Rubio, que intervino la orfebrer\u00eda Peris Roca, y Laura y Jenifer (NUGA) que lo hizo en Tapinearte.\u00a0<img decoding=\"async\" class=\"alignnone size-medium wp-image-16506\" src=\"https:\/\/d1j34plcsphzeq.cloudfront.net\/wp-content\/uploads\/2018\/10\/44624654_1948084258618669_2623803118923546624_n-250x167.jpg\" sizes=\"(max-width: 250px) 100vw, 250px\" srcset=\"https:\/\/d1j34plcsphzeq.cloudfront.net\/wp-content\/uploads\/2018\/10\/44624654_1948084258618669_2623803118923546624_n-250x167.jpg?x73026 250w, https:\/\/d1j34plcsphzeq.cloudfront.net\/wp-content\/uploads\/2018\/10\/44624654_1948084258618669_2623803118923546624_n-768x512.jpg?x73026 768w, https:\/\/d1j34plcsphzeq.cloudfront.net\/wp-content\/uploads\/2018\/10\/44624654_1948084258618669_2623803118923546624_n-700x467.jpg?x73026 700w, https:\/\/d1j34plcsphzeq.cloudfront.net\/wp-content\/uploads\/2018\/10\/44624654_1948084258618669_2623803118923546624_n-120x80.jpg?x73026 120w, https:\/\/d1j34plcsphzeq.cloudfront.net\/wp-content\/uploads\/2018\/10\/44624654_1948084258618669_2623803118923546624_n.jpg?x73026 960w\" alt=\"\" \/>\u00a0Fotos: Ana Cian\u00a0<img decoding=\"async\" class=\"alignnone size-medium wp-image-16507\" src=\"https:\/\/d1j34plcsphzeq.cloudfront.net\/wp-content\/uploads\/2018\/10\/44613837_1948087011951727_3741571411429294080_n-250x375.jpg\" sizes=\"(max-width: 250px) 100vw, 250px\" srcset=\"https:\/\/d1j34plcsphzeq.cloudfront.net\/wp-content\/uploads\/2018\/10\/44613837_1948087011951727_3741571411429294080_n-250x375.jpg?x73026 250w, https:\/\/d1j34plcsphzeq.cloudfront.net\/wp-content\/uploads\/2018\/10\/44613837_1948087011951727_3741571411429294080_n-120x180.jpg?x73026 120w, https:\/\/d1j34plcsphzeq.cloudfront.net\/wp-content\/uploads\/2018\/10\/44613837_1948087011951727_3741571411429294080_n.jpg?x73026 640w\" alt=\"\" \/><\/p>\n<p>Ayer hicimos la ruta con el grupo de participantes y as\u00ed pudimos conocer, de boca de sus autores, \u00a0las intenciones que las hab\u00edan motivado, as\u00ed como algunas interesantes an\u00e9cdotas sobre los diferentes procesos. Pregunt\u00e9 a Vicente Carrasco la intenci\u00f3n de su propuesta y, tambi\u00e9n, por qu\u00e9 hab\u00eda planteado este a\u00f1o su proyecto en colaboraci\u00f3n con Carla Fuentes. Me explic\u00f3 que las manos que apartan las cuerdas quer\u00edan simbolizar la apertura de Intramurs hacia la ciudad. Despu\u00e9s me ense\u00f1\u00f3 los dibujos de las manos que realiz\u00f3 \u00e9l mismo, al principio del proyecto. Como no le convenc\u00eda mucho el resultado, busc\u00f3 a Carla, que tiene un estilo de dibujo mucho m\u00e1s apropiado para este tipo de intervenciones, y as\u00ed consigui\u00f3 acercarse mucho a lo que buscaba. Algo de lo que puedo dar fe, pues no solo hubo qu\u00f3rum entre el jurado a la hora de otorgarle el premio, tambi\u00e9n lo hay entre todos nuestros visitantes, adem\u00e1s de los numerosos turistas que cada d\u00eda fotograf\u00edan la fachada de nuestra sede.<\/p>\n<p>Del resto de intervenciones, la que m\u00e1s me ha gustado es la de Azahara Rubio, que con un dibujo muy fino y cuidado plantea una versi\u00f3n brillante y otra sombr\u00eda del signo de los tiempos. Tambi\u00e9n me impresion\u00f3, aunque finalmente no haya sido premiada, la mano cubierta de caras de cart\u00f3n de Andrea Brotons en la Farmacia de la Calle Corona.<\/p>\n<p><img decoding=\"async\" class=\"alignnone size-medium wp-image-16510\" src=\"https:\/\/d1j34plcsphzeq.cloudfront.net\/wp-content\/uploads\/2018\/10\/44629775_1948093425284419_3128857050633732096_n-250x166.jpg\" sizes=\"(max-width: 250px) 100vw, 250px\" srcset=\"https:\/\/d1j34plcsphzeq.cloudfront.net\/wp-content\/uploads\/2018\/10\/44629775_1948093425284419_3128857050633732096_n-250x166.jpg?x73026 250w, https:\/\/d1j34plcsphzeq.cloudfront.net\/wp-content\/uploads\/2018\/10\/44629775_1948093425284419_3128857050633732096_n-768x511.jpg?x73026 768w, https:\/\/d1j34plcsphzeq.cloudfront.net\/wp-content\/uploads\/2018\/10\/44629775_1948093425284419_3128857050633732096_n-700x466.jpg?x73026 700w, https:\/\/d1j34plcsphzeq.cloudfront.net\/wp-content\/uploads\/2018\/10\/44629775_1948093425284419_3128857050633732096_n-120x80.jpg?x73026 120w, https:\/\/d1j34plcsphzeq.cloudfront.net\/wp-content\/uploads\/2018\/10\/44629775_1948093425284419_3128857050633732096_n.jpg?x73026 960w\" alt=\"\" \/>\u00a0 \u00a0Fotos: Ana Cian\u00a0\u00a0<img decoding=\"async\" class=\"alignnone size-medium wp-image-16509\" src=\"https:\/\/d1j34plcsphzeq.cloudfront.net\/wp-content\/uploads\/2018\/10\/44684548_1948093595284402_980179491919757312_n-250x167.jpg\" sizes=\"(max-width: 250px) 100vw, 250px\" srcset=\"https:\/\/d1j34plcsphzeq.cloudfront.net\/wp-content\/uploads\/2018\/10\/44684548_1948093595284402_980179491919757312_n-250x167.jpg?x73026 250w, https:\/\/d1j34plcsphzeq.cloudfront.net\/wp-content\/uploads\/2018\/10\/44684548_1948093595284402_980179491919757312_n-768x512.jpg?x73026 768w, https:\/\/d1j34plcsphzeq.cloudfront.net\/wp-content\/uploads\/2018\/10\/44684548_1948093595284402_980179491919757312_n-700x467.jpg?x73026 700w, https:\/\/d1j34plcsphzeq.cloudfront.net\/wp-content\/uploads\/2018\/10\/44684548_1948093595284402_980179491919757312_n-120x80.jpg?x73026 120w, https:\/\/d1j34plcsphzeq.cloudfront.net\/wp-content\/uploads\/2018\/10\/44684548_1948093595284402_980179491919757312_n.jpg?x73026 960w\" alt=\"\" \/><\/p>\n<p>No quiero acabar sin nombrar la elegante intervenci\u00f3n de \u00c1ngel Pardo en las cristaleras del Mercado de Mosen Sorell. Una intervenci\u00f3n urbana donde se aborda el tema de la familia \u201ccomo organizaci\u00f3n emocional, sexual, pol\u00edtica y social\u201d. Un brillante proyecto, impecablemente resuelto, titulado Retratos de familia que, en justicia, deber\u00eda quedarse de forma permanente dado el inter\u00e9s social de la propuesta.<\/p>\n<p><img decoding=\"async\" class=\"alignnone size-medium wp-image-16514\" src=\"https:\/\/d1j34plcsphzeq.cloudfront.net\/wp-content\/uploads\/2018\/10\/WhatsApp-Image-2018-10-24-at-12.41.05-250x166.jpeg\" sizes=\"(max-width: 250px) 100vw, 250px\" srcset=\"https:\/\/d1j34plcsphzeq.cloudfront.net\/wp-content\/uploads\/2018\/10\/WhatsApp-Image-2018-10-24-at-12.41.05-250x166.jpeg?x73026 250w, https:\/\/d1j34plcsphzeq.cloudfront.net\/wp-content\/uploads\/2018\/10\/WhatsApp-Image-2018-10-24-at-12.41.05-768x511.jpeg?x73026 768w, https:\/\/d1j34plcsphzeq.cloudfront.net\/wp-content\/uploads\/2018\/10\/WhatsApp-Image-2018-10-24-at-12.41.05-700x466.jpeg?x73026 700w, https:\/\/d1j34plcsphzeq.cloudfront.net\/wp-content\/uploads\/2018\/10\/WhatsApp-Image-2018-10-24-at-12.41.05-120x80.jpeg?x73026 120w, https:\/\/d1j34plcsphzeq.cloudfront.net\/wp-content\/uploads\/2018\/10\/WhatsApp-Image-2018-10-24-at-12.41.05.jpeg?x73026 934w\" alt=\"\" \/>\u00a0Foto: Estrella Jover<\/p>\n<p>Tambi\u00e9n fue muy interesante el Sound Garden que interpret\u00f3 Valencia SoundPainting en la Iglesia del Convent Carmen coincidiendo con la entrega de premios. Un brillante ejercicio de improvisaci\u00f3n dirigida, algo que aunque\u00a0 aparente ser un oximoron que, funciona a la perfecci\u00f3n incluso en un espacio de tan dif\u00edcil ac\u00fastica.<\/p>\n<\/div>\n","protected":false},"excerpt":{"rendered":"<p>\u00a0Foto: Estrella Jover Una parte muy importante de Intramurs es la secci\u00f3n de intervenciones en fachadas y escaparates, pues es una de las actividades que m\u00e1s p\u00fablico atrae. Es la \u00fanica que siempre adopta la forma de concurso y ayer fue cuando se hicieron p\u00fablicos los proyectos premiados. El fallo corri\u00f3 a cargo de un&hellip;&nbsp;<\/p>\n","protected":false},"author":1,"featured_media":733,"comment_status":"open","ping_status":"open","sticky":false,"template":"","format":"standard","meta":{"neve_meta_sidebar":"","neve_meta_container":"","neve_meta_enable_content_width":"","neve_meta_content_width":0,"neve_meta_title_alignment":"","neve_meta_author_avatar":"","neve_post_elements_order":"","neve_meta_disable_header":"","neve_meta_disable_footer":"","neve_meta_disable_title":"","footnotes":""},"categories":[8],"tags":[106],"class_list":["post-701","post","type-post","status-publish","format-standard","has-post-thumbnail","hentry","category-materiales","tag-intramurs-2018"],"_links":{"self":[{"href":"https:\/\/contracensura.com\/index.php?rest_route=\/wp\/v2\/posts\/701","targetHints":{"allow":["GET"]}}],"collection":[{"href":"https:\/\/contracensura.com\/index.php?rest_route=\/wp\/v2\/posts"}],"about":[{"href":"https:\/\/contracensura.com\/index.php?rest_route=\/wp\/v2\/types\/post"}],"author":[{"embeddable":true,"href":"https:\/\/contracensura.com\/index.php?rest_route=\/wp\/v2\/users\/1"}],"replies":[{"embeddable":true,"href":"https:\/\/contracensura.com\/index.php?rest_route=%2Fwp%2Fv2%2Fcomments&post=701"}],"version-history":[{"count":1,"href":"https:\/\/contracensura.com\/index.php?rest_route=\/wp\/v2\/posts\/701\/revisions"}],"predecessor-version":[{"id":702,"href":"https:\/\/contracensura.com\/index.php?rest_route=\/wp\/v2\/posts\/701\/revisions\/702"}],"wp:featuredmedia":[{"embeddable":true,"href":"https:\/\/contracensura.com\/index.php?rest_route=\/wp\/v2\/media\/733"}],"wp:attachment":[{"href":"https:\/\/contracensura.com\/index.php?rest_route=%2Fwp%2Fv2%2Fmedia&parent=701"}],"wp:term":[{"taxonomy":"category","embeddable":true,"href":"https:\/\/contracensura.com\/index.php?rest_route=%2Fwp%2Fv2%2Fcategories&post=701"},{"taxonomy":"post_tag","embeddable":true,"href":"https:\/\/contracensura.com\/index.php?rest_route=%2Fwp%2Fv2%2Ftags&post=701"}],"curies":[{"name":"wp","href":"https:\/\/api.w.org\/{rel}","templated":true}]}}