{"id":692,"date":"2018-10-21T12:36:34","date_gmt":"2018-10-21T12:36:34","guid":{"rendered":"http:\/\/contracensura.com\/?p=692"},"modified":"2018-11-08T18:57:56","modified_gmt":"2018-11-08T18:57:56","slug":"resena-del-ntramurs","status":"publish","type":"post","link":"https:\/\/contracensura.com\/?p=692","title":{"rendered":"CR\u00cdNICA DEL PRIMER S\u00c1BADO DE INTRAMURS &#8211; Domingo Mestre"},"content":{"rendered":"<p><img loading=\"lazy\" decoding=\"async\" class=\"size-medium wp-image-693 alignright\" src=\"https:\/\/contracensura.com\/wp-content\/uploads\/2018\/10\/CristinaCarre\u00f1o_0014-300x200.jpg\" alt=\"\" width=\"300\" height=\"200\" srcset=\"https:\/\/contracensura.com\/wp-content\/uploads\/2018\/10\/CristinaCarre\u00f1o_0014-300x200.jpg 300w, https:\/\/contracensura.com\/wp-content\/uploads\/2018\/10\/CristinaCarre\u00f1o_0014-768x512.jpg 768w, https:\/\/contracensura.com\/wp-content\/uploads\/2018\/10\/CristinaCarre\u00f1o_0014-1024x683.jpg 1024w, https:\/\/contracensura.com\/wp-content\/uploads\/2018\/10\/CristinaCarre\u00f1o_0014-370x247.jpg 370w, https:\/\/contracensura.com\/wp-content\/uploads\/2018\/10\/CristinaCarre\u00f1o_0014-1040x694.jpg 1040w, https:\/\/contracensura.com\/wp-content\/uploads\/2018\/10\/CristinaCarre\u00f1o_0014.jpg 1399w\" sizes=\"auto, (max-width: 300px) 100vw, 300px\" \/><\/p>\n<p>El d\u00eda tuvo sus nubes y claros, con algunas lloviznas que obligaron a suspender algunas de las actividades programadas, pero hubo mucha gente disfrutando de la programaci\u00f3n que se mantuvo sin cambios. Yo tuve mucho trabajo en la sede central, y no pude ver gran cosa, as\u00ed que mejor voy a seguir contando algunas cosas del viernes. Por ejemplo la visita que hicimos al taller de Yika Djuric que est\u00e1 incluido en la programaci\u00f3n de Mini Intramurs. Una agradable experiencia en la que pudimos comprobar lo bien que se lo pasan los chavales y conocer a esta colorista pintora nacida en la actual Serbia. Nos cuenta que lleg\u00f3 a Valencia tras vivir una larga temporada en Jap\u00f3n y que aunque ha habido momentos en los que la docencia del arte ocupaba la mayor parte de su tiempo ahora no es as\u00ed, pues se dedica exclusivamente a pintar salvo contadas excepciones como la de esta edici\u00f3n Intramurs.<\/p>\n<p>Foto: Cristina Carre\u00f1o. Yika Djuric en su estudio.<\/p>\n<p>En la tarde del viernes tambi\u00e9n estuve disfrutando de la atrevida y divertida m\u00fasica del duo mallorqu\u00edn Codo y despu\u00e9s, al igual que la noche del s\u00e1bado, particip\u00e9 como expectante espectador de la danza experimental de Fabrik Nomade en la ex Iglesia del Convent Carmen. Una potente propuesta en la que los cuerpos se mueven de forma aparentemente libre pero sabiamente coordinada por la batuta \u2013 o mejor deber\u00eda decir los tacones- de William Petit. En la presentaci\u00f3n del viernes hubo momentos especialmente emotivos para m\u00ed, como ese instante en el que Petit depositaba el cuerpo de Melanie, una de las bailarinas de Fabrik Nomade, entre los brazos de la gente que formaba parte del p\u00fablico. Un gesto que nos incorporaba de forma f\u00edsica al espect\u00e1culo, pues yo fui uno de los elegidos y puedo dar fe de ello. Otros momentos particularmente brillantes son aquellos en los que el sonido de los tacones sobre el m\u00e1rmol del suelo se percibe como ritmo musical, amplificado de forma muy especial por la ac\u00fastica reverberante del espacio, y nos hace reflexionar sobre aspectos relacionados con la belleza y el g\u00e9nero.<\/p>\n<figure id=\"attachment_694\" aria-describedby=\"caption-attachment-694\" style=\"width: 300px\" class=\"wp-caption alignright\"><img loading=\"lazy\" decoding=\"async\" class=\"size-medium wp-image-694\" src=\"https:\/\/contracensura.com\/wp-content\/uploads\/2018\/10\/Ana-Cian_007-300x200.jpg\" alt=\"\" width=\"300\" height=\"200\" srcset=\"https:\/\/contracensura.com\/wp-content\/uploads\/2018\/10\/Ana-Cian_007-300x200.jpg 300w, https:\/\/contracensura.com\/wp-content\/uploads\/2018\/10\/Ana-Cian_007-768x512.jpg 768w, https:\/\/contracensura.com\/wp-content\/uploads\/2018\/10\/Ana-Cian_007-1024x683.jpg 1024w, https:\/\/contracensura.com\/wp-content\/uploads\/2018\/10\/Ana-Cian_007-370x247.jpg 370w, https:\/\/contracensura.com\/wp-content\/uploads\/2018\/10\/Ana-Cian_007-1040x694.jpg 1040w, https:\/\/contracensura.com\/wp-content\/uploads\/2018\/10\/Ana-Cian_007.jpg 1399w\" sizes=\"auto, (max-width: 300px) 100vw, 300px\" \/><figcaption id=\"caption-attachment-694\" class=\"wp-caption-text\">Foto: Ana Cian. Fabrik Nomade en la Biblioteca publica<\/figcaption><\/figure>\n<figure id=\"attachment_695\" aria-describedby=\"caption-attachment-695\" style=\"width: 300px\" class=\"wp-caption alignnone\"><img loading=\"lazy\" decoding=\"async\" class=\"size-medium wp-image-695\" src=\"https:\/\/contracensura.com\/wp-content\/uploads\/2018\/10\/Estrella_Jover-16-300x200.jpg\" alt=\"\" width=\"300\" height=\"200\" srcset=\"https:\/\/contracensura.com\/wp-content\/uploads\/2018\/10\/Estrella_Jover-16-300x200.jpg 300w, https:\/\/contracensura.com\/wp-content\/uploads\/2018\/10\/Estrella_Jover-16-768x512.jpg 768w, https:\/\/contracensura.com\/wp-content\/uploads\/2018\/10\/Estrella_Jover-16-1024x682.jpg 1024w, https:\/\/contracensura.com\/wp-content\/uploads\/2018\/10\/Estrella_Jover-16-370x247.jpg 370w, https:\/\/contracensura.com\/wp-content\/uploads\/2018\/10\/Estrella_Jover-16-1040x693.jpg 1040w, https:\/\/contracensura.com\/wp-content\/uploads\/2018\/10\/Estrella_Jover-16.jpg 1400w\" sizes=\"auto, (max-width: 300px) 100vw, 300px\" \/><figcaption id=\"caption-attachment-695\" class=\"wp-caption-text\">Foto: Estrella Jover. Codo live en Convent Carmen<\/figcaption><\/figure>\n<p>Tambi\u00e9n estuve conversando ayer con Marcel\u00b7li Ant\u00fanez y su pareja, la videoartista Bego\u00f1a Egurbide, que vinieron a presentar el audiovisual de su proyecto del a\u00f1o pasado, el Tracapell\u00f3. Ant\u00fanez me explic\u00f3 que, para \u00e9l, esta era la verdadera obra, pues lo todo lo que se construy\u00f3 el a\u00f1o pasado forma parte del proceso y acab\u00f3 siendo purificado por el fuego, al igual que los catafalcos falleros. Y me hablaron muy bien de la Transitional Dislocations de Cuerpo Ficci\u00f3n, un evento al que me qued\u00e9 con las ganas de asistir por culpa de otras tareas urgentes que reclamaron mi atenci\u00f3n.<\/p>\n<p>Viniendo hoy, de camino hacia la sede central de la calle Conde Trenor, pasamos por el estudio de Victoria Cano donde se muestra una impresionante muestra de su trabajo centrado en la relaci\u00f3n del arte y la naturaleza con algunas piezas dedicadas al sesenta aniversario de la riada de 1957. Unas obras en las que la relaci\u00f3n del r\u00edo con la ciudad se muestra de forma especialmente creativa y contundente. Me hubiera gustado quedarme a esperar la llegada de las rutas de Caminart, que ten\u00eda prevista una visita guiada al espacio dentro del programa de momentos, pero ten\u00eda que escribir estas l\u00edneas y tendr\u00e9 que esperar a otra ocasi\u00f3n, pues siempre me ha interesado mucho contrastar mis lecturas del arte con las que hacen, m\u00e1s si son aut\u00e9nticos especialistas como ellos. Esta tarde voy a ayudar al montaje del proyecto de Janice que se ha traslado a los Jardines del Convent Carmen y podr\u00e1 disfrutarse de 18 a 22 horas. Estar\u00e9 por all\u00ed todo el tiempo as\u00ed que, si ven\u00eds, seguramente nos veremos.<\/p>\n","protected":false},"excerpt":{"rendered":"<p>El d\u00eda tuvo sus nubes y claros, con algunas lloviznas que obligaron a suspender algunas de las actividades programadas, pero hubo mucha gente disfrutando de la programaci\u00f3n que se mantuvo sin cambios. Yo tuve mucho trabajo en la sede central, y no pude ver gran cosa, as\u00ed que mejor voy a seguir contando algunas cosas&hellip;&nbsp;<\/p>\n","protected":false},"author":1,"featured_media":697,"comment_status":"open","ping_status":"open","sticky":false,"template":"","format":"standard","meta":{"neve_meta_sidebar":"","neve_meta_container":"","neve_meta_enable_content_width":"","neve_meta_content_width":0,"neve_meta_title_alignment":"","neve_meta_author_avatar":"","neve_post_elements_order":"","neve_meta_disable_header":"","neve_meta_disable_footer":"","neve_meta_disable_title":"","footnotes":""},"categories":[8],"tags":[106],"class_list":["post-692","post","type-post","status-publish","format-standard","has-post-thumbnail","hentry","category-materiales","tag-intramurs-2018"],"_links":{"self":[{"href":"https:\/\/contracensura.com\/index.php?rest_route=\/wp\/v2\/posts\/692","targetHints":{"allow":["GET"]}}],"collection":[{"href":"https:\/\/contracensura.com\/index.php?rest_route=\/wp\/v2\/posts"}],"about":[{"href":"https:\/\/contracensura.com\/index.php?rest_route=\/wp\/v2\/types\/post"}],"author":[{"embeddable":true,"href":"https:\/\/contracensura.com\/index.php?rest_route=\/wp\/v2\/users\/1"}],"replies":[{"embeddable":true,"href":"https:\/\/contracensura.com\/index.php?rest_route=%2Fwp%2Fv2%2Fcomments&post=692"}],"version-history":[{"count":4,"href":"https:\/\/contracensura.com\/index.php?rest_route=\/wp\/v2\/posts\/692\/revisions"}],"predecessor-version":[{"id":735,"href":"https:\/\/contracensura.com\/index.php?rest_route=\/wp\/v2\/posts\/692\/revisions\/735"}],"wp:featuredmedia":[{"embeddable":true,"href":"https:\/\/contracensura.com\/index.php?rest_route=\/wp\/v2\/media\/697"}],"wp:attachment":[{"href":"https:\/\/contracensura.com\/index.php?rest_route=%2Fwp%2Fv2%2Fmedia&parent=692"}],"wp:term":[{"taxonomy":"category","embeddable":true,"href":"https:\/\/contracensura.com\/index.php?rest_route=%2Fwp%2Fv2%2Fcategories&post=692"},{"taxonomy":"post_tag","embeddable":true,"href":"https:\/\/contracensura.com\/index.php?rest_route=%2Fwp%2Fv2%2Ftags&post=692"}],"curies":[{"name":"wp","href":"https:\/\/api.w.org\/{rel}","templated":true}]}}