{"id":688,"date":"2018-10-20T17:36:03","date_gmt":"2018-10-20T17:36:03","guid":{"rendered":"http:\/\/contracensura.com\/?p=688"},"modified":"2018-11-08T18:58:48","modified_gmt":"2018-11-08T18:58:48","slug":"resena-del-primer-viernes-de-intramurs","status":"publish","type":"post","link":"https:\/\/contracensura.com\/?p=688","title":{"rendered":"CR\u00d3NICA DEL PRIMER VIERNES DE INTRAMURS &#8211; Domingo Mestre"},"content":{"rendered":"<p><img loading=\"lazy\" decoding=\"async\" class=\"size-medium wp-image-689 alignright\" src=\"https:\/\/contracensura.com\/wp-content\/uploads\/2018\/10\/Ana-Cian_066-200x300.jpeg\" alt=\"\" width=\"200\" height=\"300\" srcset=\"https:\/\/contracensura.com\/wp-content\/uploads\/2018\/10\/Ana-Cian_066-200x300.jpeg 200w, https:\/\/contracensura.com\/wp-content\/uploads\/2018\/10\/Ana-Cian_066-768x1152.jpeg 768w, https:\/\/contracensura.com\/wp-content\/uploads\/2018\/10\/Ana-Cian_066-682x1024.jpeg 682w, https:\/\/contracensura.com\/wp-content\/uploads\/2018\/10\/Ana-Cian_066-370x555.jpeg 370w, https:\/\/contracensura.com\/wp-content\/uploads\/2018\/10\/Ana-Cian_066.jpeg 853w\" sizes=\"auto, (max-width: 200px) 100vw, 200px\" \/><\/p>\n<p style=\"text-align: justify;\">Pese a las amenazas de tormenta, que obligaron a cancelar o posponer numerosos eventos, la jornada fue tranquila y apacible. Era el gran d\u00eda de inauguraci\u00f3n de las exposiciones y aprovech\u00e9 para hacer la ruta con tranquilidad. Estuve acompa\u00f1ando los \u00faltimos detalles del montaje en la Sala del Tossal y pude disfrutar del impresionante montaje de El estado de la naci\u00f3n, de Mario Guti\u00e9rrez Cru: un coche de la guardia civil semienterrado en la tierra del s\u00f3tano, cuyo olor a turba fresca impregna el conjunto de la sala con un significativo aroma a descomposici\u00f3n. En la parte superior llama mi atenci\u00f3n la doble propuesta de Paco Sanz, sobre \u00a0todo la titulada Callejeros. En ella, junto a cuatro retratos realizados por el artista \u2013o m\u00e1s bien autor en papel de comisario o curador, como se define \u00e9l mismo-, se muestran las fotograf\u00edas realizadas por los cuatro \u201cartistas callejeros\u201d retratados por Sanz. Interesante juego de espejos en el que son los supuestos modelos quienes muestran su visi\u00f3n del espect\u00e1culo de nuestra fr\u00eda y as\u00e9ptica cotidianidad.<\/p>\n<p>Foto: Ana Cian<\/p>\n<p style=\"text-align: justify;\">De all\u00ed me fui hacia Ambau, el taller de arquitectura que est\u00e1 en los bajos\u00a0 del Palacio de Rojas, a recoger un juego de las postales editadas por Linda Laplace, que ha venido desde su actual residencia en Dubai para presentar sus reflexiones sobre el color a trav\u00e9s de la fotograf\u00eda at\u00f3pica de la arquitectura que se encuentra entre las coordenadas que dan t\u00edtulo a su proyecto. Me cuenta que necesita voluntarios que colaboren en la segunda parte de su proyecto, con el que se propone investigar \u201ccu\u00e1l es el color que imaginan o recuerdan\u201d los habitantes del barrio, pues no solo la memoria sino tambi\u00e9n la percepci\u00f3n del color es distinta para cada uno de nosotros.<\/p>\n<p><img decoding=\"async\" class=\"size-medium wp-image-16335 alignright\" src=\"https:\/\/d1j34plcsphzeq.cloudfront.net\/wp-content\/uploads\/2018\/10\/Paquita-Beta-17-250x167.jpeg\" alt=\"\" \/><\/p>\n<p style=\"text-align: justify;\">La siguiente escala fue en Hygiene, que acoge una notable colectiva titulada Trypophilias en la que varios artistas muestran su pasi\u00f3n por hacer agujeros, como ser\u00eda el caso de los lienzos decapados y perforados, hasta el punto de ser reconvertidas en fr\u00e1giles esculturas de pared, de Nacho Ru\u00edz o las potentes cer\u00e1micas tiroteadas por Carlos Llavata. Junto a todos ellos, se puede disfrutar tambi\u00e9n de la aut\u00e9ntica pasi\u00f3n por rellenarlos de Inma Li\u00f1ana, que muestra una serie de fotograf\u00edas de sus acciones, adem\u00e1s de otras interesantes propuestas que expanden y completan la muestra.<\/p>\n<p>Foto: Paquita Beta<\/p>\n<p>Otra colectiva que se inaugur\u00f3 ayer es la que puede visitarse en la Sala de la Muralla del Col\u00b7legi Major Rector Pesset. Coincidiendo con ella se realizaron dos performances a cargo de j\u00f3venes artistas. La valenciana Lluci Juan, que realizaba una serie de juegos malabares con una serie de conceptos que marcan la dif\u00edcil situaci\u00f3n de los artistas en nuestros d\u00edas, y la norteamericana, aunque residente en Galicia, Gabrielle Mendieta que present\u00f3 una suerte de danza sin coreograf\u00eda que termin\u00f3 convirti\u00e9ndose en un divertido juego de peloteo entre el p\u00fablico y la artista. Hubieron muchas m\u00e1s cosas, claro, pero de esas hablaremos otro d\u00eda.<\/p>\n<p><img decoding=\"async\" class=\"alignnone size-medium wp-image-16333\" src=\"https:\/\/d1j34plcsphzeq.cloudfront.net\/wp-content\/uploads\/2018\/10\/Paula-Felipe-70-250x167.jpeg\" alt=\"\" \/>\u00a0<img decoding=\"async\" class=\"alignnone size-medium wp-image-16334\" src=\"https:\/\/d1j34plcsphzeq.cloudfront.net\/wp-content\/uploads\/2018\/10\/Paula-Felipe-83-250x167.jpeg\" alt=\"\" \/><\/p>\n<p>Fotos: Paula Felipe<\/p>\n<p>&nbsp;<\/p>\n","protected":false},"excerpt":{"rendered":"<p>Pese a las amenazas de tormenta, que obligaron a cancelar o posponer numerosos eventos, la jornada fue tranquila y apacible. Era el gran d\u00eda de inauguraci\u00f3n de las exposiciones y aprovech\u00e9 para hacer la ruta con tranquilidad. Estuve acompa\u00f1ando los \u00faltimos detalles del montaje en la Sala del Tossal y pude disfrutar del impresionante montaje&hellip;&nbsp;<\/p>\n","protected":false},"author":1,"featured_media":734,"comment_status":"open","ping_status":"open","sticky":false,"template":"","format":"standard","meta":{"neve_meta_sidebar":"","neve_meta_container":"","neve_meta_enable_content_width":"","neve_meta_content_width":0,"neve_meta_title_alignment":"","neve_meta_author_avatar":"","neve_post_elements_order":"","neve_meta_disable_header":"","neve_meta_disable_footer":"","neve_meta_disable_title":"","footnotes":""},"categories":[8],"tags":[106],"class_list":["post-688","post","type-post","status-publish","format-standard","has-post-thumbnail","hentry","category-materiales","tag-intramurs-2018"],"_links":{"self":[{"href":"https:\/\/contracensura.com\/index.php?rest_route=\/wp\/v2\/posts\/688","targetHints":{"allow":["GET"]}}],"collection":[{"href":"https:\/\/contracensura.com\/index.php?rest_route=\/wp\/v2\/posts"}],"about":[{"href":"https:\/\/contracensura.com\/index.php?rest_route=\/wp\/v2\/types\/post"}],"author":[{"embeddable":true,"href":"https:\/\/contracensura.com\/index.php?rest_route=\/wp\/v2\/users\/1"}],"replies":[{"embeddable":true,"href":"https:\/\/contracensura.com\/index.php?rest_route=%2Fwp%2Fv2%2Fcomments&post=688"}],"version-history":[{"count":3,"href":"https:\/\/contracensura.com\/index.php?rest_route=\/wp\/v2\/posts\/688\/revisions"}],"predecessor-version":[{"id":736,"href":"https:\/\/contracensura.com\/index.php?rest_route=\/wp\/v2\/posts\/688\/revisions\/736"}],"wp:featuredmedia":[{"embeddable":true,"href":"https:\/\/contracensura.com\/index.php?rest_route=\/wp\/v2\/media\/734"}],"wp:attachment":[{"href":"https:\/\/contracensura.com\/index.php?rest_route=%2Fwp%2Fv2%2Fmedia&parent=688"}],"wp:term":[{"taxonomy":"category","embeddable":true,"href":"https:\/\/contracensura.com\/index.php?rest_route=%2Fwp%2Fv2%2Fcategories&post=688"},{"taxonomy":"post_tag","embeddable":true,"href":"https:\/\/contracensura.com\/index.php?rest_route=%2Fwp%2Fv2%2Ftags&post=688"}],"curies":[{"name":"wp","href":"https:\/\/api.w.org\/{rel}","templated":true}]}}