{"id":357,"date":"2018-04-19T20:00:22","date_gmt":"2018-04-19T20:00:22","guid":{"rendered":"http:\/\/contracensura.com\/?p=357"},"modified":"2022-01-10T14:20:02","modified_gmt":"2022-01-10T14:20:02","slug":"artistas-contra-la-censura-y-por-la-defensa-de-la-libertad-de-expresion-un-llamamiento-a-la-accion-reaccion-desde-ibiza","status":"publish","type":"post","link":"https:\/\/contracensura.com\/?p=357","title":{"rendered":"ARTISTAS CONTRA LA CENSURA"},"content":{"rendered":"<p style=\"text-align: center;\"><strong>Y POR LA DEFENSA DE LA LIBERTAD DE EXPRESI\u00d3N. Un llamamiento a la acci\u00f3n\/reacci\u00f3n desde Ibiza.<\/strong><\/p>\n<p style=\"text-align: center;\">Domingo Mestre, Janice Martins, Salvia Ferrer, Oscar Mora, Ismael Rumbeti, Carlos Llavata, Javier S. Jim\u00e9nez, Pablo Espa\u00f1a, Marisol Salanova, Eugenio Merino, Brenda Traver, Lluci Juan, Fernando Baena, Anna Gimein, Mario Guti\u00e9rrez Cru, Pablo Volt, N\u00faria Mart\u00ednez-Vernis, Jorge Carla, Claudio Mu\u00f1oz, Marta Fofi, V\u00edctor Bonetarbol\u00ed, Pepi Herv\u00e1s, Victoria Trillo, Paula Sahuquillo, Pol Coronado, V\u00edctor Bonet,\u00a0Micha\u00ebl Borras, \u00c1lvaro Pich\u00f3. ILUSTRACI\u00d3N: Janice Martins.<\/p>\n<p>En el art\u00edculo 20 de la Constituci\u00f3n espa\u00f1ola de 1978, donde se habla de los derechos y de las libertades p\u00fablicas, se protege el derecho: \u201cA expresar y difundir libremente los pensamientos, ideas y opiniones mediante la palabra, el escrito o cualquier otro medio de reproducci\u00f3n\u201d. Protecci\u00f3n que se extiende, en el apartado siguiente: <em>\u201c<\/em>A la producci\u00f3n y creaci\u00f3n literaria, art\u00edstica, cient\u00edfica y t\u00e9cnica\u201d. Sin embargo, en los \u00faltimos tiempos se han ido acumulando los casos en los que estas libertades han sido cercenadas o coartadas, incluso dentro del \u00e1mbito de la creaci\u00f3n art\u00edstica. Un fen\u00f3meno que est\u00e1 apareciendo, sobre todo, cuando las ideas expresadas denuncian abusos de poder o se enuncian desde una perspectiva no hegem\u00f3nica, tal como denuncia Amnist\u00eda Internacional en su informe <em>Tuitea\u2026 si te atreves: c\u00f3mo las leyes antiterroristas restringen la libertad de expresi\u00f3n en Espa\u00f1a<\/em>.<\/p>\n<p>Partiendo de esta constataci\u00f3n, nos preguntamos: \u00bfpodr\u00eda decirse que existe un inter\u00e9s del Gobierno de Espa\u00f1a en crear una atm\u00f3sfera generalizada de temor a las represalias, sobre todo en el campo art\u00edstico? Dicho de otra forma: \u00bfque se est\u00e1 induciendo a la autocensura entre los creadores de las m\u00e1s diversas \u00e1reas? Preguntas que empezamos a hacernos p\u00fablicamente ya en 2015 en el marco de la mesa redonda sobre la libertad de expresi\u00f3n que organizamos dentro de la <em>Convocatoria de<\/em> <em>Acciones contra la Ley Mordaza<\/em> del festival Intramurs, per l\u2019art a Val\u00e8ncia.<\/p>\n<p><img loading=\"lazy\" decoding=\"async\" class=\" wp-image-485 aligncenter\" src=\"https:\/\/contracensura.com\/wp-content\/uploads\/2018\/04\/Captura-de-pantalla-2018-04-26-a-las-11.27.15.png\" alt=\"\" width=\"786\" height=\"434\" srcset=\"https:\/\/contracensura.com\/wp-content\/uploads\/2018\/04\/Captura-de-pantalla-2018-04-26-a-las-11.27.15.png 951w, https:\/\/contracensura.com\/wp-content\/uploads\/2018\/04\/Captura-de-pantalla-2018-04-26-a-las-11.27.15-300x166.png 300w, https:\/\/contracensura.com\/wp-content\/uploads\/2018\/04\/Captura-de-pantalla-2018-04-26-a-las-11.27.15-768x424.png 768w, https:\/\/contracensura.com\/wp-content\/uploads\/2018\/04\/Captura-de-pantalla-2018-04-26-a-las-11.27.15-370x204.png 370w\" sizes=\"auto, (max-width: 786px) 100vw, 786px\" \/><\/p>\n<p>Unas sospechas que hoy parecen avaladas por numerosos casos, entre los m\u00e1s recientes la condena a 40.000 \u20ac de multa a la revista Mongolia, por publicar la caricatura de un matador de toros en el cartel de una obra de teatro, o la pena de c\u00e1rcel al rapero Valtonic, a quien se ha castigado por la letra mon\u00e1rquicamente beligerante de sus canciones, al igual que a otros raperos como Pablo Has\u00e9l o al cantante Cesar Strawberry, vocal del grupo Def con Dos. En la misma l\u00ednea de castigo desproporcionado se sit\u00faa el secuestro judicial del libro <em>Fari\u00f1a<\/em>, en el que su autor, Nacho Carretero, se limita a narrar hechos documentalmente probados como el juicio y condena de un narcopol\u00edtico de la extinta Alianza Popular, germen del actual partido en el poder (PP). Y no podemos olvidar, tampoco, la censura de la obra de Santiago Sierra <em>Presos pol\u00edticos<\/em> en la feria ARCO de Madrid. Una pieza en la que lo \u00fanico que se denunciaba era la actual existencia de los mismos en las c\u00e1rceles espa\u00f1olas.<\/p>\n<p>Pero estas son, tan solo, las \u00faltimas manifestaciones de un largo historial de excesos, entre los que se podr\u00eda incluir el \u00faltimo disparate judicial, en forma de investigaci\u00f3n judicial del actor Guillermo Toledo por un escrito en redes sociales con el que intentaba apoyar a las organizadoras de la procesi\u00f3n del Co\u00f1o Insumiso en Sevilla, una acci\u00f3n art\u00edstica\/feminista en la que algunas mujeres trasladaban una gigantesca vulva y por la que fueron procesadas, absueltas y vueltas a procesar tras el recurso de la fiscal\u00eda. Un desprop\u00f3sito similar a la detenci\u00f3n durante cinco d\u00edas, acusados de apolog\u00eda del terrorismo, a los miembros de la compa\u00f1\u00eda T\u00edteres desde Abajo \u2013y el posterior procesamiento de los actores Alberto San Juan y Gloria Mu\u00f1oz por representar la misma obra en solidaridad con ellos-, o el proceso judicial contra Eugenio Merino, denunciado por la Fundaci\u00f3n Francisco Franco \u2013y juzgado- por mostrar al difunto dictador de cuerpo presente, pero congelado en una nevera en la feria ARCO de Madrid. Algo parecido le sucedi\u00f3 al artista Abel Azcona, que fue denunciado por el Arzobispado de Pamplona y la Asociaci\u00f3n de Abogados Cristianos por una instalaci\u00f3n en la que usaba hostias consagradas para formar la palabra PEDERASTIA, denuncia que, afortunadamente, fue sobrese\u00edda por el juez. Y, junto a ellos, muchos otros sinsentidos propiciados por las \u00faltimas leyes sobre seguridad ciudadana, como el procesamiento \u2013con feliz resultado final de absoluci\u00f3n- de la estudiante Casandra Vera por reproducir en Twitter viejos chistes, mil veces contados, sobre el atentado contra Carrero Blanco, o la multa y condena en firme de un joven de Ja\u00e9n por difundir un fotomontaje en el que hab\u00eda puesto su propia cara a la imagen del Cristo de la Amargura.<\/p>\n<p>Viendo la suma de todas estas agresiones contra la libertad de expresi\u00f3n no nos parece exagerado pensar que, en su conjunto, forman parte de un plan sistem\u00e1tico cuyo objetivo es el de silenciar las cr\u00edticas para aparentar un inexistente consenso social. De ser as\u00ed, a trav\u00e9s de \u00e9l se estar\u00eda ejerciendo la violaci\u00f3n continuada de un derecho constitucional avalado, adem\u00e1s, por la \u00faltima sentencia del Tribunal de Estrasburgo de la UE. En ella se estima que acciones aparentemente mucho m\u00e1s radicales que las relatadas, como la de quemar simb\u00f3licamente fotos con el retrato de los reyes, no constituyen delito alguno y est\u00e1n amparadas por el art\u00edculo 10 de la Convenci\u00f3n Europea de Derechos Humanos (CEDH).<\/p>\n<p><img loading=\"lazy\" decoding=\"async\" class=\"aligncenter wp-image-496\" src=\"https:\/\/contracensura.com\/wp-content\/uploads\/2018\/04\/30763169_1702565179837246_5930443009266024448_n-1.jpg\" alt=\"\" width=\"500\" height=\"333\" srcset=\"https:\/\/contracensura.com\/wp-content\/uploads\/2018\/04\/30763169_1702565179837246_5930443009266024448_n-1.jpg 960w, https:\/\/contracensura.com\/wp-content\/uploads\/2018\/04\/30763169_1702565179837246_5930443009266024448_n-1-300x200.jpg 300w, https:\/\/contracensura.com\/wp-content\/uploads\/2018\/04\/30763169_1702565179837246_5930443009266024448_n-1-768x512.jpg 768w, https:\/\/contracensura.com\/wp-content\/uploads\/2018\/04\/30763169_1702565179837246_5930443009266024448_n-1-370x247.jpg 370w\" sizes=\"auto, (max-width: 500px) 100vw, 500px\" \/><\/p>\n<p>Es por ello que los artistas de Intramurs nos hemos reunido en la emblem\u00e1tica isla de Ibiza para analizar, colectivamente y con las herramientas del arte, la actual situaci\u00f3n de la libertad de expresi\u00f3n en el marco de la libre experimentaci\u00f3n art\u00edstica. Y es desde este enclave mediterr\u00e1neo, que es un reconocido s\u00edmbolo de la tolerancia y el respeto hacia todas las manifestaciones culturales, desde donde hacemos un llamamiento a todos los artistas y profesionales del arte, y muy especialmente a quienes ostentan responsabilidades pol\u00edticas o de organizaci\u00f3n y gesti\u00f3n en el campo de las artes, para recabar su apoyo y solidaridad frente a cualquier futuro intento de censura o limitaci\u00f3n de las libertades del artista en materia de expresi\u00f3n art\u00edstica.<\/p>\n<p><img loading=\"lazy\" decoding=\"async\" class=\"aligncenter wp-image-491\" src=\"https:\/\/contracensura.com\/wp-content\/uploads\/2018\/04\/debateFotoHespacial.jpg\" alt=\"\" width=\"500\" height=\"334\" srcset=\"https:\/\/contracensura.com\/wp-content\/uploads\/2018\/04\/debateFotoHespacial.jpg 1504w, https:\/\/contracensura.com\/wp-content\/uploads\/2018\/04\/debateFotoHespacial-300x200.jpg 300w, https:\/\/contracensura.com\/wp-content\/uploads\/2018\/04\/debateFotoHespacial-768x513.jpg 768w, https:\/\/contracensura.com\/wp-content\/uploads\/2018\/04\/debateFotoHespacial-1024x684.jpg 1024w, https:\/\/contracensura.com\/wp-content\/uploads\/2018\/04\/debateFotoHespacial-370x247.jpg 370w, https:\/\/contracensura.com\/wp-content\/uploads\/2018\/04\/debateFotoHespacial-1040x694.jpg 1040w\" sizes=\"auto, (max-width: 500px) 100vw, 500px\" \/><\/p>\n<p>Tambi\u00e9n para exigir, de manera conjunta con plataformas como No callarem y el resto de la ciudadan\u00eda indignada por la actual situaci\u00f3n, la inmediata retirada de la Ley Org\u00e1nica de protecci\u00f3n de la seguridad ciudadana (2015), m\u00e1s conocida como Ley Mordaza. Tambi\u00e9n reclamamos la derogaci\u00f3n del art\u00edculo 578 del C\u00f3digo Penal, sum\u00e1ndonos a las peticiones, en este sentido, del anteriormente citado informe de Amnist\u00eda Internacional. Petici\u00f3n, esta \u00faltima, que los abajo firmantes dirigimos no solo al Gobierno del Estado sino, sobre todo, al resto de partidos con representaci\u00f3n parlamentaria. Porque en su mano est\u00e1 la posibilidad de materializar la recuperaci\u00f3n c\u00edvica del derecho a la creatividad sin cortapisas, tal como se defiende y consagra en nuestra actual Constituci\u00f3n. Un derecho que es, tambi\u00e9n, el de la fruici\u00f3n est\u00e9tica y el de la libre difusi\u00f3n de las m\u00e1s variadas emociones y sentimientos, elementos que consideramos absolutamente imprescindibles para el completo desarrollo humano y la feliz convivencia de TODAS las sensibilidades.<\/p>\n<p><img loading=\"lazy\" decoding=\"async\" class=\"aligncenter wp-image-493\" src=\"https:\/\/contracensura.com\/wp-content\/uploads\/2018\/04\/31081420_1702565656503865_3543128464766795776_n-1-300x200.jpg\" alt=\"\" width=\"500\" height=\"333\" srcset=\"https:\/\/contracensura.com\/wp-content\/uploads\/2018\/04\/31081420_1702565656503865_3543128464766795776_n-1-300x200.jpg 300w, https:\/\/contracensura.com\/wp-content\/uploads\/2018\/04\/31081420_1702565656503865_3543128464766795776_n-1-768x512.jpg 768w, https:\/\/contracensura.com\/wp-content\/uploads\/2018\/04\/31081420_1702565656503865_3543128464766795776_n-1-370x247.jpg 370w, https:\/\/contracensura.com\/wp-content\/uploads\/2018\/04\/31081420_1702565656503865_3543128464766795776_n-1.jpg 960w\" sizes=\"auto, (max-width: 500px) 100vw, 500px\" \/><\/p>\n<p><a href=\"https:\/\/contracensura.com\/?p=388\">Versi\u00f3n en catal\u00e1n<\/a><\/p>\n<p><em>Si quieres denunciar alg\u00fan caso reciente de censura o alg\u00fan otro tipo de atentado contra la libertad de expresi\u00f3n puedes dejar el enlace, como comentario, aqu\u00ed mismo. Muchas gracias<\/em><\/p>\n","protected":false},"excerpt":{"rendered":"<p>Y POR LA DEFENSA DE LA LIBERTAD DE EXPRESI\u00d3N. Un llamamiento a la acci\u00f3n\/reacci\u00f3n desde Ibiza. Domingo Mestre, Janice Martins, Salvia Ferrer, Oscar Mora, Ismael Rumbeti, Carlos Llavata, Javier S. Jim\u00e9nez, Pablo Espa\u00f1a, Marisol Salanova, Eugenio Merino, Brenda Traver, Lluci Juan, Fernando Baena, Anna Gimein, Mario Guti\u00e9rrez Cru, Pablo Volt, N\u00faria Mart\u00ednez-Vernis, Jorge Carla, Claudio&hellip;&nbsp;<\/p>\n","protected":false},"author":1,"featured_media":780,"comment_status":"open","ping_status":"open","sticky":true,"template":"","format":"standard","meta":{"neve_meta_sidebar":"","neve_meta_container":"","neve_meta_enable_content_width":"","neve_meta_content_width":0,"neve_meta_title_alignment":"","neve_meta_author_avatar":"","neve_post_elements_order":"","neve_meta_disable_header":"","neve_meta_disable_footer":"","neve_meta_disable_title":"","footnotes":""},"categories":[8],"tags":[5,47],"class_list":["post-357","post","type-post","status-publish","format-standard","has-post-thumbnail","hentry","category-materiales","tag-intramurs","tag-manifiesto"],"_links":{"self":[{"href":"https:\/\/contracensura.com\/index.php?rest_route=\/wp\/v2\/posts\/357","targetHints":{"allow":["GET"]}}],"collection":[{"href":"https:\/\/contracensura.com\/index.php?rest_route=\/wp\/v2\/posts"}],"about":[{"href":"https:\/\/contracensura.com\/index.php?rest_route=\/wp\/v2\/types\/post"}],"author":[{"embeddable":true,"href":"https:\/\/contracensura.com\/index.php?rest_route=\/wp\/v2\/users\/1"}],"replies":[{"embeddable":true,"href":"https:\/\/contracensura.com\/index.php?rest_route=%2Fwp%2Fv2%2Fcomments&post=357"}],"version-history":[{"count":26,"href":"https:\/\/contracensura.com\/index.php?rest_route=\/wp\/v2\/posts\/357\/revisions"}],"predecessor-version":[{"id":851,"href":"https:\/\/contracensura.com\/index.php?rest_route=\/wp\/v2\/posts\/357\/revisions\/851"}],"wp:featuredmedia":[{"embeddable":true,"href":"https:\/\/contracensura.com\/index.php?rest_route=\/wp\/v2\/media\/780"}],"wp:attachment":[{"href":"https:\/\/contracensura.com\/index.php?rest_route=%2Fwp%2Fv2%2Fmedia&parent=357"}],"wp:term":[{"taxonomy":"category","embeddable":true,"href":"https:\/\/contracensura.com\/index.php?rest_route=%2Fwp%2Fv2%2Fcategories&post=357"},{"taxonomy":"post_tag","embeddable":true,"href":"https:\/\/contracensura.com\/index.php?rest_route=%2Fwp%2Fv2%2Ftags&post=357"}],"curies":[{"name":"wp","href":"https:\/\/api.w.org\/{rel}","templated":true}]}}