{"id":153,"date":"2018-04-04T15:46:47","date_gmt":"2018-04-04T15:46:47","guid":{"rendered":"http:\/\/contracensura.com\/?p=153"},"modified":"2018-04-24T11:15:23","modified_gmt":"2018-04-24T11:15:23","slug":"153","status":"publish","type":"post","link":"https:\/\/contracensura.com\/?p=153","title":{"rendered":"Convocatoria abierta"},"content":{"rendered":"<div id=\"js_1f\" class=\"_5pbx userContent _3576\" data-ft=\"{&quot;tn&quot;:&quot;K&quot;}\">\n<h5><em style=\"font-size: 16px;\">Convocatoria dirigida a los artistas residentes en la isla de Ibiza o que han participado en las anteriores ediciones del festival (1).<\/em><\/h5>\n<p>En Intramurs queremos empezar una nueva etapa, centrando nuestro inter\u00e9s en las propuestas m\u00e1s arriesgadas o experimentales. Y tambi\u00e9n queremos ampliar nuestro \u00e1mbito de actuaci\u00f3n por diversas ciudades del Mediterr\u00e1neo para conseguir una mayor visibilidad y repercusi\u00f3n, adem\u00e1s de facilitar la movilidad de las futuras producciones.<\/p>\n<\/div>\n<div id=\"js_1f\" class=\"_5pbx userContent _3576\" data-ft=\"{&quot;tn&quot;:&quot;K&quot;}\">\n<p><img loading=\"lazy\" decoding=\"async\" class=\"wp-image-61 size-large aligncenter\" src=\"https:\/\/contracensura.comwordpress\/wp-content\/uploads\/2018\/04\/WhatsApp-Image-2018-03-31-at-10.24.21-1024x728.jpeg\" alt=\"\" width=\"1024\" height=\"728\" srcset=\"https:\/\/contracensura.com\/wp-content\/uploads\/2018\/04\/WhatsApp-Image-2018-03-31-at-10.24.21-1024x728.jpeg 1024w, https:\/\/contracensura.com\/wp-content\/uploads\/2018\/04\/WhatsApp-Image-2018-03-31-at-10.24.21-300x213.jpeg 300w, https:\/\/contracensura.com\/wp-content\/uploads\/2018\/04\/WhatsApp-Image-2018-03-31-at-10.24.21-768x546.jpeg 768w, https:\/\/contracensura.com\/wp-content\/uploads\/2018\/04\/WhatsApp-Image-2018-03-31-at-10.24.21-370x263.jpeg 370w, https:\/\/contracensura.com\/wp-content\/uploads\/2018\/04\/WhatsApp-Image-2018-03-31-at-10.24.21-1040x739.jpeg 1040w, https:\/\/contracensura.com\/wp-content\/uploads\/2018\/04\/WhatsApp-Image-2018-03-31-at-10.24.21.jpeg 1280w\" sizes=\"auto, (max-width: 1024px) 100vw, 1024px\" \/><\/p>\n<p style=\"text-align: center;\"><em>Ataque. Ilustraci\u00f3n de Janice Martins<\/em><\/p>\n<p>Iniciamos la nueva andadura organizando un encuentro de artistas entre las murallas de Ibiza, en el Monasterio de Santo Domingo, en D\u2019alt Vila. All\u00ed queremos abrir un debate sobre la Libertad de Expresi\u00f3n y sobre c\u00f3mo la represiva situaci\u00f3n actual nos est\u00e1 afectando en el campo art\u00edstico. Para ello vamos a crear un blog,\u00a0<a href=\"https:\/\/contracensura.com\" target=\"_blank\" rel=\"noopener nofollow\" data-ft=\"{&quot;tn&quot;:&quot;-U&quot;}\" data-lynx-mode=\"asynclazy\" data-lynx-uri=\"https:\/\/l.facebook.com\/l.php?u=http%3A%2F%2FContracensura.com%2F&amp;h=ATOINWJHL-TEA6bVtgQEWr_2ZkWP6DLyXWHBEj3gpB24WCfDapbzSmYhqd9FLs56pn4ZO_hI4p8xvvzT8WWQ_qR5HFWdMYKIGVUPYae-odhqbnaWBu9r7hnrhSU1\">Contracensura.com<\/a>, donde compilaremos propuestas y reflexiones de artistas -y otros profesionales del arte- que aborden la dif\u00edcil situaci\u00f3n de la libertad de expresi\u00f3n en nuestros d\u00edas. Y queremos invitaros a todos vosotros, que sois quienes hab\u00e9is hecho posible la existencia de Intramurs, a mandarnos colaboraciones sobre el tema. Nos interesa tanto el relato de experiencias propias como las reflexiones sobre lo que se podr\u00eda hacer para contrarrestar el ambiente de (auto)censura que se est\u00e1 creando a nuestro alrededor. Vuestras aportaciones las presentaremos el viernes 20 de abril, dentro del debate sobre el tema que abriremos desde Ibiza. Una propuesta de reflexi\u00f3n colectiva que estar\u00e1 acompa\u00f1ada de otras muchas acciones, como la edici\u00f3n de un fanzine de tem\u00e1tica relacionada, que ser\u00e1 manufacturado in situ por miembros del colectivo Catacl\u00edstics, o la lectura p\u00fablica de un llamamiento a la acci\u00f3n\/reacci\u00f3n de la comunidad art\u00edstica \u2013un texto que tambi\u00e9n nos gustar\u00eda suscribierais, si est\u00e1is de acuerdo con \u00e9l, cuando lo hagamos p\u00fablico.<\/p>\n<p>Nuestra intenci\u00f3n es dar la m\u00e1xima difusi\u00f3n a esta iniciativa, por lo que buscaremos financiaci\u00f3n externa para editar, m\u00e1s adelante, una publicaci\u00f3n en papel de amplia tirada. En ella queremos incluir las aportaciones m\u00e1s interesantes al debate sobre la libertad de expresi\u00f3n. Materiales que seleccionaremos entre los incluidos en el blog y los procedentes del encuentro f\u00edsico en Ibiza.<\/p>\n<p>Las contribuciones pod\u00e9is mandarlas a la direcci\u00f3n de correo contracensura2018@gmail.com, al igual que pod\u00e9is pedirme cualquier aclaraci\u00f3n sobre el tema respondiendo a este correo. Los textos deb\u00e9is enviarlos en archivos Word o similar. En el caso de las im\u00e1genes ser\u00e1 suficiente con que lleguen en formato jpg o similar y su resoluci\u00f3n sea de 72 ppp. Despu\u00e9s, si son seleccionadas, os pediremos copias a 300 ppp y tambi\u00e9n que firm\u00e9is una cesi\u00f3n de los derechos de reproducci\u00f3n -a cambio, claro, de la correspondiente remuneraci\u00f3n.<\/p>\n<p>Salud(os) y libertad (tambi\u00e9n de expresi\u00f3n) para todo el mundo.<br \/>\nDomingo Mestre<br \/>\nCoordinador del proyecto Artistas contra la censura y por la libertad de expresi\u00f3n que se presentar\u00e1 en el Encuentro de artistas de Intramurs en Ibiza el 20 de abril de 2018.<\/p>\n<p><a href=\"http:\/\/www.intramurs.org\">http:\/\/intramurs.org<\/a><\/p>\n<p>(1) Despu\u00e9s del 20 de abril de 2018 la convocatoria seguir\u00e1 abierta para todo el mundo con la intenci\u00f3n de crear un dep\u00f3sito de libre acceso con informaci\u00f3n relacionada con la problem\u00e1tica de la libertad de expresi\u00f3n<\/p>\n<\/div>\n","protected":false},"excerpt":{"rendered":"<p>Convocatoria dirigida a los artistas residentes en la isla de Ibiza o que han participado en las anteriores ediciones del festival (1). En Intramurs queremos empezar una nueva etapa, centrando nuestro inter\u00e9s en las propuestas m\u00e1s arriesgadas o experimentales. Y tambi\u00e9n queremos ampliar nuestro \u00e1mbito de actuaci\u00f3n por diversas ciudades del Mediterr\u00e1neo para conseguir una&hellip;&nbsp;<\/p>\n","protected":false},"author":1,"featured_media":241,"comment_status":"open","ping_status":"open","sticky":false,"template":"","format":"standard","meta":{"neve_meta_sidebar":"","neve_meta_container":"","neve_meta_enable_content_width":"","neve_meta_content_width":0,"neve_meta_title_alignment":"","neve_meta_author_avatar":"","neve_post_elements_order":"","neve_meta_disable_header":"","neve_meta_disable_footer":"","neve_meta_disable_title":"","footnotes":""},"categories":[8],"tags":[7,2,6,5,3],"class_list":["post-153","post","type-post","status-publish","format-standard","has-post-thumbnail","hentry","category-materiales","tag-arte","tag-censura","tag-ibiza","tag-intramurs","tag-libertad-de-expresion"],"_links":{"self":[{"href":"https:\/\/contracensura.com\/index.php?rest_route=\/wp\/v2\/posts\/153","targetHints":{"allow":["GET"]}}],"collection":[{"href":"https:\/\/contracensura.com\/index.php?rest_route=\/wp\/v2\/posts"}],"about":[{"href":"https:\/\/contracensura.com\/index.php?rest_route=\/wp\/v2\/types\/post"}],"author":[{"embeddable":true,"href":"https:\/\/contracensura.com\/index.php?rest_route=\/wp\/v2\/users\/1"}],"replies":[{"embeddable":true,"href":"https:\/\/contracensura.com\/index.php?rest_route=%2Fwp%2Fv2%2Fcomments&post=153"}],"version-history":[{"count":8,"href":"https:\/\/contracensura.com\/index.php?rest_route=\/wp\/v2\/posts\/153\/revisions"}],"predecessor-version":[{"id":374,"href":"https:\/\/contracensura.com\/index.php?rest_route=\/wp\/v2\/posts\/153\/revisions\/374"}],"wp:featuredmedia":[{"embeddable":true,"href":"https:\/\/contracensura.com\/index.php?rest_route=\/wp\/v2\/media\/241"}],"wp:attachment":[{"href":"https:\/\/contracensura.com\/index.php?rest_route=%2Fwp%2Fv2%2Fmedia&parent=153"}],"wp:term":[{"taxonomy":"category","embeddable":true,"href":"https:\/\/contracensura.com\/index.php?rest_route=%2Fwp%2Fv2%2Fcategories&post=153"},{"taxonomy":"post_tag","embeddable":true,"href":"https:\/\/contracensura.com\/index.php?rest_route=%2Fwp%2Fv2%2Ftags&post=153"}],"curies":[{"name":"wp","href":"https:\/\/api.w.org\/{rel}","templated":true}]}}